{"id":895,"date":"2017-04-26T10:27:11","date_gmt":"2017-04-26T09:27:11","guid":{"rendered":"http:\/\/www.interxarxes.com\/?p=895"},"modified":"2017-05-27T10:55:58","modified_gmt":"2017-05-27T09:55:58","slug":"6a-jornada-sobre-el-proces-dacompanyament-dadolescents-en-medi-obert-16-de-maig","status":"publish","type":"post","link":"http:\/\/www.interxarxes.com\/index.php\/2017\/04\/26\/6a-jornada-sobre-el-proces-dacompanyament-dadolescents-en-medi-obert-16-de-maig\/","title":{"rendered":"6a Jornada sobre el proc\u00e9s d&#8217;acompanyament d&#8217;adolescents en medi obert. 16 de maig"},"content":{"rendered":"<p style=\"text-align: left;\" align=\"center\"><strong>Presentaci\u00f3<\/strong><\/p>\n<p style=\"text-align: left;\">La Diputaci\u00f3 de Barcelona col\u00b7labora en l&#8217;organitzaci\u00f3 de la 6a Jornada sobre el proc\u00e9s d&#8217;acompanyament d&#8217;adolescents en medi obert, l&#8217;avaluaci\u00f3 participativa que se celebrar\u00e0 el proper 16 de maig 2017 al Campus Raval UB.<\/p>\n<p style=\"text-align: left;\">Aquesta jornada vol ser un espai de trobada de professionals, pol\u00edtics, acad\u00e8mics i estudiants, organitzada amb els ajuntaments de Badia del Vall\u00e8s, Barcelona, Cerdanyola i Terrassa, el Consell Comarcal del Vall\u00e8s Occidental, la Universitat de Barcelona i la Universitat Aut\u00f2noma de Barcelona.<\/p>\n<p style=\"text-align: left;\">Enguany, entre d&#8217;altres, comptar\u00e0 amb un especialista internacional en el tema, en <a href=\"https:\/\/uniweb.uottawa.ca\/#!uottawa\/members\/686\/profile\" target=\"_blank\" rel=\"noopener noreferrer\">Bradley Cousins<\/a>, professor d&#8217;avaluaci\u00f3 a la Facultat d&#8217;Educaci\u00f3 de la Universitat d&#8217;Ottawa (Canad\u00e0), expert en recerca sobre avaluaci\u00f3 de programes educatius i comunitaris des d&#8217;una mirada participativa, col\u00b7laborativa i capacitadora<\/p>\n<p style=\"text-align: left;\">Us convidem a consultar la informaci\u00f3 en <strong><a href=\"https:\/\/jornadaacompanyament.wordpress.com\/\" target=\"_blank\" rel=\"noopener noreferrer\">aquest enlla\u00e7<\/a><\/strong>i formalitzar la vostra inscripci\u00f3.<\/p>\n","protected":false},"excerpt":{"rendered":"<p>Presentaci\u00f3 La Diputaci\u00f3 de Barcelona col\u00b7labora en l&#8217;organitzaci\u00f3 de la 6a Jornada sobre el proc\u00e9s d&#8217;acompanyament d&#8217;adolescents en medi obert, l&#8217;avaluaci\u00f3 participativa que se celebrar\u00e0 el proper 16 de maig 2017 al Campus Raval UB. Aquesta jornada vol ser un espai de trobada de professionals, pol\u00edtics, acad\u00e8mics i estudiants, organitzada amb els ajuntaments de Badia [&hellip;]<\/p>\n","protected":false},"author":2,"featured_media":899,"comment_status":"open","ping_status":"open","sticky":false,"template":"","format":"standard","meta":[],"categories":[7],"tags":[],"_links":{"self":[{"href":"http:\/\/www.interxarxes.com\/index.php\/wp-json\/wp\/v2\/posts\/895"}],"collection":[{"href":"http:\/\/www.interxarxes.com\/index.php\/wp-json\/wp\/v2\/posts"}],"about":[{"href":"http:\/\/www.interxarxes.com\/index.php\/wp-json\/wp\/v2\/types\/post"}],"author":[{"embeddable":true,"href":"http:\/\/www.interxarxes.com\/index.php\/wp-json\/wp\/v2\/users\/2"}],"replies":[{"embeddable":true,"href":"http:\/\/www.interxarxes.com\/index.php\/wp-json\/wp\/v2\/comments?post=895"}],"version-history":[{"count":2,"href":"http:\/\/www.interxarxes.com\/index.php\/wp-json\/wp\/v2\/posts\/895\/revisions"}],"predecessor-version":[{"id":898,"href":"http:\/\/www.interxarxes.com\/index.php\/wp-json\/wp\/v2\/posts\/895\/revisions\/898"}],"wp:featuredmedia":[{"embeddable":true,"href":"http:\/\/www.interxarxes.com\/index.php\/wp-json\/wp\/v2\/media\/899"}],"wp:attachment":[{"href":"http:\/\/www.interxarxes.com\/index.php\/wp-json\/wp\/v2\/media?parent=895"}],"wp:term":[{"taxonomy":"category","embeddable":true,"href":"http:\/\/www.interxarxes.com\/index.php\/wp-json\/wp\/v2\/categories?post=895"},{"taxonomy":"post_tag","embeddable":true,"href":"http:\/\/www.interxarxes.com\/index.php\/wp-json\/wp\/v2\/tags?post=895"}],"curies":[{"name":"wp","href":"https:\/\/api.w.org\/{rel}","templated":true}]}}