{"id":826,"date":"2017-05-18T17:22:22","date_gmt":"2017-05-18T16:22:22","guid":{"rendered":"http:\/\/www.interxarxes.com\/?p=826"},"modified":"2017-05-27T10:55:42","modified_gmt":"2017-05-27T09:55:42","slug":"plenaria-interxarxes-26-de-maig-la-infancia-al-segle-xxi-ii-pares-mares-mestres-educadors-interlocutors-valids-per-a-la-infancia","status":"publish","type":"post","link":"http:\/\/www.interxarxes.com\/index.php\/2017\/05\/18\/plenaria-interxarxes-26-de-maig-la-infancia-al-segle-xxi-ii-pares-mares-mestres-educadors-interlocutors-valids-per-a-la-infancia\/","title":{"rendered":"PLEN\u00c0RIA Interxarxes 26 de maig. La inf\u00e0ncia al segle XXI (II) : Pares, mares, mestres, educadors: interlocutors v\u00e0lids per a la inf\u00e0ncia?"},"content":{"rendered":"<p><strong>CONVOCAT\u00d2RIA REUNI\u00d3 COMISSI\u00d3 PLEN\u00c0RIA<\/strong><\/p>\n<p><strong>Dia 26.05.2017<\/strong><\/p>\n<p><strong>Sala d\u2019Actes del Casal d\u2019 Entitats Mas Guinard\u00f3.Pla\u00e7a Salvador Riera<\/strong><\/p>\n<p>M: L4 Guinard\u00f3.Hospital de S. Pau<\/p>\n<p>Horari: 9,15-13h.<\/p>\n<p><strong>Pares, mares, mestres, educadors: interlocutors v\u00e0lids per a la inf\u00e0ncia?<br \/>\n<\/strong><\/p>\n<p><em>Com \u00e9s la inf\u00e0ncia del segle XXI? Quins nous reptes ens planteja la seva atenci\u00f3?<\/em><\/p>\n<p>&nbsp;<\/p>\n<p>A la Plen\u00e0ria d\u2019Interxarxes del passat 31 de mar\u00e7 encet\u00e0vem aquesta reflexi\u00f3 plantejant-nos com se\u2019ns presentava la inf\u00e0ncia des de la perspectiva dels diferents \u00e0mbits d\u2019atenci\u00f3: educaci\u00f3 escolar, salut mental, serveis socials i protecci\u00f3, i desvetll\u00e0vem alguns canvis rellevants que remetien al nou lloc que ocupen els adults, pares i docents, en ocasions eclipsats i amb una manca de visibilitat que afavoreix el desconcert de les criatures o, en altres casos, amb un exc\u00e9s de cel que impedeix el seu desenvolupament aut\u00f2nom.<\/p>\n<p>&nbsp;<\/p>\n<p>Un nou entorn relacional on els infants poden accedir a la informaci\u00f3, per camins cada cop m\u00e9s diversos, per\u00f2 on sorgeix una gran dificultat per triar i endre\u00e7ar l\u2019allau de not\u00edcies que flueixen sense jerarquia de rellev\u00e0ncia conceptual o \u00e8tica. Noves formes de relacionar-se amb el m\u00f3n i entre ells, on fam\u00edlies i escoles hauran d\u2019afrontar de diferent manera el seu guiatge educatiu.<\/p>\n<p>&nbsp;<\/p>\n<p>A l\u2019\u00e0mbit escolar, els moviments de renovaci\u00f3 pedag\u00f2gica han anat donant respostes diverses als reptes plantejats al llarg del any i, en el moment actual, creix la tend\u00e8ncia favorable a vincular aprenentatges amb compet\u00e8ncies i a situar l\u2019alumne en el centre dels aprenentatges.<\/p>\n<p>&nbsp;<\/p>\n<p>Unes formes de fer i d\u2019organitzar la vida escolar que obliguen a tots els adults a ressituar el seu paper, cedint protagonisme a l\u2019afany creador i investigador dels infants, sense renunciar per\u00f2, a la indefugible responsabilitat de guiatge. Nous rols per a docents i per a les fam\u00edlies sobre les que caldr\u00e0 reflexionar.<\/p>\n<p>&nbsp;<\/p>\n<p>Comptarem amb la pres\u00e8ncia de <strong>Jaume Carbonell<\/strong>, professor de Sociologia de la Educaci\u00f3 en la Facultat d\u2019 Educaci\u00f3 de la Universitat de Vic (Barcelona) i de <strong>Rosa Sellar\u00e8s<\/strong>, doctora en psicologia i llicenciada en pedagogia terap\u00e8utica. Directora de la Fundaci\u00f3 PRESME (Pro Educaci\u00f3 i Salut Mental).<\/p>\n<p>11,30 \u2013 13h<\/p>\n<p>Tallers simultanis:<\/p>\n<p>Com responen aquesta pregunta els professionals d\u2019 Horta Guinard\u00f3?<\/p>\n<p>A la segona part treballarem en <strong>tres tallers simultanis<\/strong> on podrem escoltar tres experi\u00e8ncies de treball educatiu i debatre sobre el repte que ens planteja la inf\u00e0ncia del segle XXI per continuar sent els referents v\u00e0lids per als nens i les nenes.<\/p>\n<p><strong>Casa d\u2019infants<\/strong><\/p>\n<p>&nbsp;<\/p>\n<p><strong>Casal infantil Guinard\u00f3<\/strong><\/p>\n<p>&nbsp;<\/p>\n<p><strong>Comunitats d\u2019aprenentatge<\/strong><\/p>\n<p>En breu completarem la informaci\u00f3 dels tallers<\/p>\n","protected":false},"excerpt":{"rendered":"<p>CONVOCAT\u00d2RIA REUNI\u00d3 COMISSI\u00d3 PLEN\u00c0RIA Dia 26.05.2017 Sala d\u2019Actes del Casal d\u2019 Entitats Mas Guinard\u00f3.Pla\u00e7a Salvador Riera M: L4 Guinard\u00f3.Hospital de S. Pau Horari: 9,15-13h. Pares, mares, mestres, educadors: interlocutors v\u00e0lids per a la inf\u00e0ncia? Com \u00e9s la inf\u00e0ncia del segle XXI? Quins nous reptes ens planteja la seva atenci\u00f3? &nbsp; A la Plen\u00e0ria d\u2019Interxarxes del [&hellip;]<\/p>\n","protected":false},"author":2,"featured_media":828,"comment_status":"open","ping_status":"open","sticky":false,"template":"","format":"standard","meta":[],"categories":[7],"tags":[],"_links":{"self":[{"href":"http:\/\/www.interxarxes.com\/index.php\/wp-json\/wp\/v2\/posts\/826"}],"collection":[{"href":"http:\/\/www.interxarxes.com\/index.php\/wp-json\/wp\/v2\/posts"}],"about":[{"href":"http:\/\/www.interxarxes.com\/index.php\/wp-json\/wp\/v2\/types\/post"}],"author":[{"embeddable":true,"href":"http:\/\/www.interxarxes.com\/index.php\/wp-json\/wp\/v2\/users\/2"}],"replies":[{"embeddable":true,"href":"http:\/\/www.interxarxes.com\/index.php\/wp-json\/wp\/v2\/comments?post=826"}],"version-history":[{"count":1,"href":"http:\/\/www.interxarxes.com\/index.php\/wp-json\/wp\/v2\/posts\/826\/revisions"}],"predecessor-version":[{"id":827,"href":"http:\/\/www.interxarxes.com\/index.php\/wp-json\/wp\/v2\/posts\/826\/revisions\/827"}],"wp:featuredmedia":[{"embeddable":true,"href":"http:\/\/www.interxarxes.com\/index.php\/wp-json\/wp\/v2\/media\/828"}],"wp:attachment":[{"href":"http:\/\/www.interxarxes.com\/index.php\/wp-json\/wp\/v2\/media?parent=826"}],"wp:term":[{"taxonomy":"category","embeddable":true,"href":"http:\/\/www.interxarxes.com\/index.php\/wp-json\/wp\/v2\/categories?post=826"},{"taxonomy":"post_tag","embeddable":true,"href":"http:\/\/www.interxarxes.com\/index.php\/wp-json\/wp\/v2\/tags?post=826"}],"curies":[{"name":"wp","href":"https:\/\/api.w.org\/{rel}","templated":true}]}}