{"id":26,"date":"2017-01-23T17:24:12","date_gmt":"2017-01-23T16:24:12","guid":{"rendered":"http:\/\/www.interxarxes.com\/?p=26"},"modified":"2017-05-27T11:01:53","modified_gmt":"2017-05-27T10:01:53","slug":"xi-forum-interxarxes-diputacio-de-barcelona-la-violencia-filoparental-simptoma-o-trastorn-21-doctubre-2016","status":"publish","type":"post","link":"http:\/\/www.interxarxes.com\/index.php\/2017\/01\/23\/xi-forum-interxarxes-diputacio-de-barcelona-la-violencia-filoparental-simptoma-o-trastorn-21-doctubre-2016\/","title":{"rendered":"XI Forum Interxarxes &#8211; Diputaci\u00f3 de Barcelona \u201cLa viol\u00e8ncia filoparental: s\u00edmptoma o trastorn? 21 d&#8217;octubre 2016"},"content":{"rendered":"<p style=\"text-align: left;\" align=\"center\"><strong>21 d&#8217;octubre de 2016<\/strong><\/p>\n<p style=\"text-align: left;\" align=\"center\"><strong>Espai Francesca Bonnemaison<\/strong><\/p>\n<p style=\"text-align: left;\" align=\"center\"><strong>\u00a0ACCES LLIURE amb Inscripci\u00f3 obligat\u00f3ria &#8211; Aforament limitat<\/strong><\/p>\n<p style=\"text-align: left;\" align=\"center\">\u00a0<a href=\"http:\/\/www.diba.cat\/web\/benestar\/-\/xi-forum-interxarxes-%E2%80%93-diputacio-de-barcelona\" target=\"_blank\" rel=\"noopener noreferrer\">http:\/\/www.diba.cat\/web\/benestar\/-\/xi-forum-interxarxes-%E2%80%93-diputacio-de-barcelona<\/a><\/p>\n<p style=\"text-align: left;\" align=\"center\"><strong>PROGRAMA:<\/strong><\/p>\n<p>8:45 h. Recepci\u00f3<\/p>\n<p>&nbsp;<\/p>\n<p>9:15 h. Presentaci\u00f3<\/p>\n<p>Mercedes Vidal, regidora del Districte d&#8217;Horta-Guinard\u00f3. Ajuntament de Barcelona<\/p>\n<p>Josep Mu\u00f1oz, gerent de la Ger\u00e8ncia de Serveis de Benestar Social. Diputaci\u00f3 de Barcelona<\/p>\n<p>Lluis Franch.\u00a0 Consorci Sanitari de Barcelona<\/p>\n<p>&nbsp;<\/p>\n<p>9:40 h. Realitat de la viol\u00e8ncia filoparental. Aspectes te\u00f2rics i legals<\/p>\n<p>Amb la participaci\u00f3 de:<\/p>\n<p>Joan Mayoral, subdirector general del Departament d&#8217;atenci\u00f3 a la inf\u00e0ncia i l&#8217;adolesc\u00e8ncia. Generalitat de Catalunya<\/p>\n<p>Javier Urra, president de la Sociedad Espa\u00f1ola para el Estudio de la Violencia Filio-Parental (SEVIFIP)<\/p>\n<p>Coordina: Iolanda Moragues, Cap del Servei de Suport de Programes Socials. Diputaci\u00f3 de Barcelona<\/p>\n<p>&nbsp;<\/p>\n<p>11:30 h. Pausa<\/p>\n<p>&nbsp;<\/p>\n<p>12:00 h. Abordatge de la viol\u00e8ncia filoparental des del treball en xarxa<\/p>\n<p>Amb la participaci\u00f3 de:<\/p>\n<p>Marta Dot, psic\u00f2loga CSMIJ i Laura Ba\u00f1os , cap del Centre Obert Mart\u00ed Codolar. Interxarxes. Districte d&#8217;Horta-Guinard\u00f3. Barcelona<\/p>\n<p>\u00c0ngelo Mar\u00ed i Saioa Manich. Educadors Socials de Serveis Socials. Ajuntament de Mollet del Vall\u00e8s<\/p>\n<p>Modera: Fina Borr\u00e0s, coordinadora del Programa Interxarxes<\/p>\n<p>Discutidor: Jos\u00e9 Ram\u00f3n Ubieto, psic\u00f2leg. Ajuntament de Barcelona<\/p>\n<p>&nbsp;<\/p>\n<p>13:45 h. Cloenda<\/p>\n<p>Laia Ortiz, 3a tinenta d&#8217;alcaldia. Direcci\u00f3 de l&#8217;\u00c0rea de Drets Socials.<\/p>\n<p>Ajuntament de Barcelona.<\/p>\n","protected":false},"excerpt":{"rendered":"<p>21 d&#8217;octubre de 2016 Espai Francesca Bonnemaison \u00a0ACCES LLIURE amb Inscripci\u00f3 obligat\u00f3ria &#8211; Aforament limitat \u00a0http:\/\/www.diba.cat\/web\/benestar\/-\/xi-forum-interxarxes-%E2%80%93-diputacio-de-barcelona PROGRAMA: 8:45 h. Recepci\u00f3 &nbsp; 9:15 h. Presentaci\u00f3 Mercedes Vidal, regidora del Districte d&#8217;Horta-Guinard\u00f3. Ajuntament de Barcelona Josep Mu\u00f1oz, gerent de la Ger\u00e8ncia de Serveis de Benestar Social. Diputaci\u00f3 de Barcelona Lluis Franch.\u00a0 Consorci Sanitari de Barcelona &nbsp; 9:40 [&hellip;]<\/p>\n","protected":false},"author":2,"featured_media":335,"comment_status":"open","ping_status":"open","sticky":false,"template":"","format":"standard","meta":[],"categories":[7],"tags":[],"_links":{"self":[{"href":"http:\/\/www.interxarxes.com\/index.php\/wp-json\/wp\/v2\/posts\/26"}],"collection":[{"href":"http:\/\/www.interxarxes.com\/index.php\/wp-json\/wp\/v2\/posts"}],"about":[{"href":"http:\/\/www.interxarxes.com\/index.php\/wp-json\/wp\/v2\/types\/post"}],"author":[{"embeddable":true,"href":"http:\/\/www.interxarxes.com\/index.php\/wp-json\/wp\/v2\/users\/2"}],"replies":[{"embeddable":true,"href":"http:\/\/www.interxarxes.com\/index.php\/wp-json\/wp\/v2\/comments?post=26"}],"version-history":[{"count":6,"href":"http:\/\/www.interxarxes.com\/index.php\/wp-json\/wp\/v2\/posts\/26\/revisions"}],"predecessor-version":[{"id":901,"href":"http:\/\/www.interxarxes.com\/index.php\/wp-json\/wp\/v2\/posts\/26\/revisions\/901"}],"wp:featuredmedia":[{"embeddable":true,"href":"http:\/\/www.interxarxes.com\/index.php\/wp-json\/wp\/v2\/media\/335"}],"wp:attachment":[{"href":"http:\/\/www.interxarxes.com\/index.php\/wp-json\/wp\/v2\/media?parent=26"}],"wp:term":[{"taxonomy":"category","embeddable":true,"href":"http:\/\/www.interxarxes.com\/index.php\/wp-json\/wp\/v2\/categories?post=26"},{"taxonomy":"post_tag","embeddable":true,"href":"http:\/\/www.interxarxes.com\/index.php\/wp-json\/wp\/v2\/tags?post=26"}],"curies":[{"name":"wp","href":"https:\/\/api.w.org\/{rel}","templated":true}]}}