{"id":1975,"date":"2026-01-22T14:58:42","date_gmt":"2026-01-22T13:58:42","guid":{"rendered":"http:\/\/www.interxarxes.com\/?p=1975"},"modified":"2026-01-22T15:03:28","modified_gmt":"2026-01-22T14:03:28","slug":"plenaria-interxarxes-2","status":"publish","type":"post","link":"http:\/\/www.interxarxes.com\/index.php\/2026\/01\/22\/plenaria-interxarxes-2\/","title":{"rendered":"PLEN\u00c0RIA INTERXARXES"},"content":{"rendered":"\n<p><strong>AVANCEM EN COMUNITAT<\/strong><\/p>\n\n\n\n<p><strong>LES VIOL\u00c8NCIES CONNECTADES. VIOL\u00c8NCIES ENTRE IGUALS A TRAV\u00c9S DE LES XARXES<\/strong><\/p>\n\n\n\n<p>Divendres 28 de novembre de 10:00 a 13:30<br>Casal de Barri de la Vall d\u2019Hebron Can Travi<\/p>\n\n\n\n<p><strong>PROGRAMA<\/strong><\/p>\n\n\n\n<p><strong>9.45h. Entrada a la sala<\/strong><\/p>\n\n\n\n<p><strong>10h. Benvinguda i presentaci\u00f3 de la sessi\u00f3.<\/strong> Anna Clarabuch, coordinadora Programa Interxarxes.<\/p>\n\n\n\n<p><strong>Xerrada: &#8220;Violencias y burbujas de odio en las redes sociales&#8221; a<br>c\u00e0rrec del psic\u00f2leg Jos\u00e9 Ram\u00f3n Ubieto.<\/strong> Presentaci\u00f3 Nati Ruiz (EAP HortaGuinard\u00f3)<\/p>\n\n\n\n<p><strong>11.15h. Pausa caf\u00e8<\/strong><\/p>\n\n\n\n<p><strong>11.45h. Compartim realitats, accions i reptes. Taula formada per:<\/strong><\/p>\n\n\n\n<p><strong>En Jordi Moreno i la Mar Ser\u00f3<\/strong>, APC de CSS Baix Guinard\u00f3\u2013Can Bar\u00f3<\/p>\n\n\n\n<p><strong>L\u2019Estel Duran i la Laura Forcada<\/strong> <strong>&#8211;<\/strong>Orientadores Ins.Francisco de Goya<\/p>\n\n\n\n<p><strong>Ana L\u00f3pez de Lerma &#8211;<\/strong>Casal Infantil Teixonera<\/p>\n\n\n\n<p><strong>Unai Puig-<\/strong>Psic\u00f2leg de l\u2019espai EstarB<\/p>\n\n\n\n<p><strong>Coordinen: Laura Plaza i M\u00f2nica Sanz.<\/strong> (Treballadora social CSS Baix<br>Guinard\u00f3 i Educadora social CSMIJ Horta-Guinard\u00f3)<\/p>\n\n\n\n<p><strong>13.30h. Tancament<\/strong><\/p>\n\n\n\n<p class=\"has-small-font-size\">COMISSI\u00d3 DE FORMACIO I RECERCA PROGRAMA INTERXARXES (N\u00faria Gonz\u00e1lez- T\u00e8cnica de discapacitat districte, Laura Plaza -Treballadora social CSS Baix Guinard\u00f3-Can Bar\u00f3, Nati Ruiz- Serveis Educatius-EAP<br>Horta-Guinard\u00f3, M\u00f2nica Sanz -Educadora Social de CSMIJ Horta-Guinard\u00f3)<\/p>\n\n\n\n<p><\/p>\n","protected":false},"excerpt":{"rendered":"<p>AVANCEM EN COMUNITAT LES VIOL\u00c8NCIES CONNECTADES. VIOL\u00c8NCIES ENTRE IGUALS A TRAV\u00c9S DE LES XARXES Divendres 28 de novembre de 10:00 a 13:30Casal de Barri de la Vall d\u2019Hebron Can Travi PROGRAMA 9.45h. Entrada a la sala 10h. Benvinguda i presentaci\u00f3 de la sessi\u00f3. Anna Clarabuch, coordinadora Programa Interxarxes. Xerrada: &#8220;Violencias y burbujas de odio en [&hellip;]<\/p>\n","protected":false},"author":2,"featured_media":1820,"comment_status":"closed","ping_status":"closed","sticky":false,"template":"","format":"standard","meta":[],"categories":[7],"tags":[],"_links":{"self":[{"href":"http:\/\/www.interxarxes.com\/index.php\/wp-json\/wp\/v2\/posts\/1975"}],"collection":[{"href":"http:\/\/www.interxarxes.com\/index.php\/wp-json\/wp\/v2\/posts"}],"about":[{"href":"http:\/\/www.interxarxes.com\/index.php\/wp-json\/wp\/v2\/types\/post"}],"author":[{"embeddable":true,"href":"http:\/\/www.interxarxes.com\/index.php\/wp-json\/wp\/v2\/users\/2"}],"replies":[{"embeddable":true,"href":"http:\/\/www.interxarxes.com\/index.php\/wp-json\/wp\/v2\/comments?post=1975"}],"version-history":[{"count":4,"href":"http:\/\/www.interxarxes.com\/index.php\/wp-json\/wp\/v2\/posts\/1975\/revisions"}],"predecessor-version":[{"id":1981,"href":"http:\/\/www.interxarxes.com\/index.php\/wp-json\/wp\/v2\/posts\/1975\/revisions\/1981"}],"wp:featuredmedia":[{"embeddable":true,"href":"http:\/\/www.interxarxes.com\/index.php\/wp-json\/wp\/v2\/media\/1820"}],"wp:attachment":[{"href":"http:\/\/www.interxarxes.com\/index.php\/wp-json\/wp\/v2\/media?parent=1975"}],"wp:term":[{"taxonomy":"category","embeddable":true,"href":"http:\/\/www.interxarxes.com\/index.php\/wp-json\/wp\/v2\/categories?post=1975"},{"taxonomy":"post_tag","embeddable":true,"href":"http:\/\/www.interxarxes.com\/index.php\/wp-json\/wp\/v2\/tags?post=1975"}],"curies":[{"name":"wp","href":"https:\/\/api.w.org\/{rel}","templated":true}]}}