{"id":1899,"date":"2022-10-28T10:28:36","date_gmt":"2022-10-28T09:28:36","guid":{"rendered":"http:\/\/www.interxarxes.com\/?p=1899"},"modified":"2022-10-28T13:42:46","modified_gmt":"2022-10-28T12:42:46","slug":"xvi-forum-interxarxes-2","status":"publish","type":"post","link":"http:\/\/www.interxarxes.com\/index.php\/2022\/10\/28\/xvi-forum-interxarxes-2\/","title":{"rendered":"XVI F\u00f2rum Interxarxes: PROGRAMA"},"content":{"rendered":"\n<p class=\"has-text-align-center\"><strong>Qu\u00e8 estem fent amb la inf\u00e0ncia i l\u2019adolesc\u00e8ncia?<\/strong><\/p>\n\n\n\n<p class=\"has-text-align-center\"><strong>Expressions del malestar.<\/strong><\/p>\n\n\n\n<p class=\"has-text-align-center\"><strong>Quines respostes donem?<\/strong><\/p>\n\n\n\n<p class=\"has-text-align-center\">11 de novembre<\/p>\n\n\n\n<p class=\"has-text-align-center\">Presencial a la Biblioteca del Carmel<\/p>\n\n\n\n<p class=\"has-text-align-center\"><em>Qui digui que la inf\u00e0ncia i l\u2019adolesc\u00e8ncia \u00e9s la \u00e8poca m\u00e9s feli\u00e7 de la vida, \u00e9s que s\u2019ha oblidat de la seva (Beatriz Salzberg)<\/em><\/p>\n\n\n\n<p class=\"has-text-align-left\">El camp social, el de la salut i el de l\u2019educaci\u00f3 constitueixen el marc de la nostra actuaci\u00f3 i els reptes amb els quals ens enfrontem. La soledat, el malestar emocional i el frac\u00e0s escolar ens obliguen a una conversa continuada entre totes les professionals que treballem amb la inf\u00e0ncia i l\u2019adolesc\u00e8ncia per buscar aquelles respostes que resulten m\u00e9s eficaces perqu\u00e8 podem, no nom\u00e9s tractar els malestars, sin\u00f3 tamb\u00e9 acollir les creacions.<\/p>\n\n\n\n<p class=\"has-text-align-left\">Com s\u2019expressen amb les paraules, amb el cos, amb la sexualitat, amb l\u2019amor, amb les relacions, amb el saber, no est\u00e0 escrit en cap llibre, cal inventar una resposta que ser\u00e0 sempre in\u00e8dita. \u00c9s en aquets lloc de la seva pr\u00f2pia incertesa on ens esperen, on compten amb nosaltres.<\/p>\n\n\n\n<p class=\"has-text-align-left\">Com a persones adultes, acompanyar a la inf\u00e0ncia i a&nbsp;&nbsp;l\u2019adolesc\u00e8ncia no significa anar per davant, en nom de l\u2019experi\u00e8ncia, ni anar per darrere, deixant-les soles. Es tracta de caminar al seu costat i al seu ritme.<\/p>\n\n\n\n<p class=\"has-text-align-left\">Hannah Arendt ens va convidar a pensar la inf\u00e0ncia i l\u2019adolesc\u00e8ncia com el lloc d\u2019all\u00f2 nou en un m\u00f3n vell i pensar aquesta novetat com a projecte in\u00e8dit \u00e9s un gran repte amb el que ens trobem com a persones adultes i professionals.<\/p>\n\n\n\n<p class=\"has-text-align-left\">Esperem que les preguntes que us proposem en aquest F\u00f2rum serveixin per provocar una trobada que sigui una ocasi\u00f3 per a reflexionar sobre els interrogants que la inf\u00e0ncia i l\u2019adolesc\u00e8ncia&nbsp;&nbsp;plantegen al m\u00f3n.<\/p>\n\n\n\n<p>PROGRAMA<\/p>\n\n\n\n<p>9:00- 9:15 Inscripcions<\/p>\n\n\n\n<p>9:15-9:30&nbsp;Representaci\u00f3 institucional<\/p>\n\n\n\n<p>9:30- 11:00&nbsp;Confer\u00e8ncia inaugural:&nbsp;<em><strong>Com esperem a la inf\u00e0ncia i a l\u2019adolesc\u00e8ncia?<\/strong><\/em><\/p>\n\n\n\n<p><strong>Montserrat Puig<\/strong>, psicoanalista, psiquiatra, membre de la Escola Lacaniana de psicoan\u00e0lisis.<\/p>\n\n\n\n<p>Coordina&nbsp;<strong>Susanna Prades<\/strong>, psic\u00f2loga del CSS Carmel i coordinadora del programa Interxarxes<\/p>\n\n\n\n<p>11:00-11:30 Pausa<\/p>\n\n\n\n<p>11:30-12-30 Taula rodona:&nbsp;<strong><em>Com llegim el malestar de la inf\u00e0ncia i l\u2019adolesc\u00e8ncia?<\/em><\/strong><\/p>\n\n\n\n<p><strong>Jes\u00fas Vilar<\/strong>,&nbsp;mestre i doctor en pedagogia. Professor titular de la facultat d&#8217;Educaci\u00f3 Social i Treball Social Pere Tar\u00e9s. URL. Coordinador del comit\u00e8 d&#8217;\u00e8tica del Col\u00b7legi d&#8217;Educadores i Educadors Socials de Catalunya.<\/p>\n\n\n\n<p><strong>Jordi Bernabeu<\/strong>, psic\u00f2leg. Fundaci\u00f3 Althaia<\/p>\n\n\n\n<p><strong>Elena Crespi<\/strong>, psic\u00f2loga, sex\u00f2loga i feminista. Professora de la Universitat de Vic i de la Universitat de Barcelona.<\/p>\n\n\n\n<p>Coordina,&nbsp;<strong>Lidia Ram\u00edrez<\/strong>, adjunta a la coordinaci\u00f3 Interxarxes<\/p>\n\n\n\n<p>12:30- 12:45 Actuaci\u00f3 teatral. Obra de la Cia. 3 \u00e0toms d&#8217;oxigen, escrita per Miquel Padilla.<\/p>\n\n\n\n<p>12:45-13:45&nbsp;<strong><em>Com responem al malestar de la inf\u00e0ncia i l\u2019adolesc\u00e8ncia?<\/em><\/strong><\/p>\n\n\n\n<p><strong>Sara Desir\u00e9 Ruiz<\/strong>, educadora social especialitzada en adolesc\u00e8ncia. Coordinadora del programa de mentoria social del barri del Raval.<\/p>\n\n\n\n<p><strong>Sonia Soriano<\/strong>, psi\u00f2loga cl\u00ednica, terapeuta, coordinadora de l\u2019Hospital de dia d&#8217;Adolescents de la Fundaci\u00f3 Sant Pere Claver.<\/p>\n\n\n\n<p><strong>Josep Amor\u00f3s<\/strong>, psic\u00f2leg, professor col.laborador de la UOC<\/p>\n\n\n\n<p>Coordina:<\/p>\n\n\n\n<p><strong>Jos\u00e9 Ramon Ubieto<\/strong>, psic\u00f2leg, psicoanalista, co-fundador del programa Interxarxes<\/p>\n\n\n\n<p>13:45-14:00 Cloenda:&nbsp;<strong>Sonia Fuertes<\/strong>, comissionada d\u2019Acci\u00f3 Social<\/p>\n\n\n\n<p>Comissi\u00f3 d&#8217;organitzaci\u00f3:<\/p>\n\n\n\n<p>Marina Cast\u00e1n (CSMIJ Horta-Guinard\u00f3), Rosa Cots (EAIA Horta-Guinard\u00f3), Susanna Prades (SSB Carmel, coordinadora programa Interxarxes), Lidia Ram\u00edrez(adjunta coordinaci\u00f3n Interxarxes), Nati Ruiz i Emilia Viladoms (EAP Horta-Guinard\u00f3<\/p>\n\n\n\n<p>Inscripcions a:&nbsp;<a href=\"https:\/\/forms.gle\/1kcyoqEPC6V2WzDd8\" target=\"_blank\" rel=\"noreferrer noopener\">https:\/\/forms.gle\/1kcyoqEPC6V2WzDd8<\/a><\/p>\n","protected":false},"excerpt":{"rendered":"<p>Qu\u00e8 estem fent amb la inf\u00e0ncia i l\u2019adolesc\u00e8ncia? Expressions del malestar. Quines respostes donem? 11 de novembre Presencial a la Biblioteca del Carmel Qui digui que la inf\u00e0ncia i l\u2019adolesc\u00e8ncia \u00e9s la \u00e8poca m\u00e9s feli\u00e7 de la vida, \u00e9s que s\u2019ha oblidat de la seva (Beatriz Salzberg) El camp social, el de la salut i [&hellip;]<\/p>\n","protected":false},"author":2,"featured_media":1820,"comment_status":"closed","ping_status":"closed","sticky":false,"template":"","format":"standard","meta":[],"categories":[7],"tags":[],"_links":{"self":[{"href":"http:\/\/www.interxarxes.com\/index.php\/wp-json\/wp\/v2\/posts\/1899"}],"collection":[{"href":"http:\/\/www.interxarxes.com\/index.php\/wp-json\/wp\/v2\/posts"}],"about":[{"href":"http:\/\/www.interxarxes.com\/index.php\/wp-json\/wp\/v2\/types\/post"}],"author":[{"embeddable":true,"href":"http:\/\/www.interxarxes.com\/index.php\/wp-json\/wp\/v2\/users\/2"}],"replies":[{"embeddable":true,"href":"http:\/\/www.interxarxes.com\/index.php\/wp-json\/wp\/v2\/comments?post=1899"}],"version-history":[{"count":2,"href":"http:\/\/www.interxarxes.com\/index.php\/wp-json\/wp\/v2\/posts\/1899\/revisions"}],"predecessor-version":[{"id":1901,"href":"http:\/\/www.interxarxes.com\/index.php\/wp-json\/wp\/v2\/posts\/1899\/revisions\/1901"}],"wp:featuredmedia":[{"embeddable":true,"href":"http:\/\/www.interxarxes.com\/index.php\/wp-json\/wp\/v2\/media\/1820"}],"wp:attachment":[{"href":"http:\/\/www.interxarxes.com\/index.php\/wp-json\/wp\/v2\/media?parent=1899"}],"wp:term":[{"taxonomy":"category","embeddable":true,"href":"http:\/\/www.interxarxes.com\/index.php\/wp-json\/wp\/v2\/categories?post=1899"},{"taxonomy":"post_tag","embeddable":true,"href":"http:\/\/www.interxarxes.com\/index.php\/wp-json\/wp\/v2\/tags?post=1899"}],"curies":[{"name":"wp","href":"https:\/\/api.w.org\/{rel}","templated":true}]}}