{"id":1893,"date":"2022-07-21T15:05:09","date_gmt":"2022-07-21T14:05:09","guid":{"rendered":"http:\/\/www.interxarxes.com\/?p=1893"},"modified":"2022-07-21T15:05:13","modified_gmt":"2022-07-21T14:05:13","slug":"xvi-forum-interxarxes","status":"publish","type":"post","link":"http:\/\/www.interxarxes.com\/index.php\/2022\/07\/21\/xvi-forum-interxarxes\/","title":{"rendered":"XVI F\u00f2rum Interxarxes"},"content":{"rendered":"\n<p class=\"has-text-align-center\"><strong>Qu\u00e8 estem fent amb la inf\u00e0ncia i l\u2019 adolesc\u00e8ncia?&nbsp;<\/strong><\/p>\n\n\n\n<p class=\"has-text-align-center\"><strong>Expressions del malestar.<\/strong><\/p>\n\n\n\n<p class=\"has-text-align-center\"><strong>Quines respostes donem?&nbsp;<\/strong><\/p>\n\n\n\n<p>11 de novembre<\/p>\n\n\n\n<p>Biblioteca del Carmel<\/p>\n\n\n\n<p><em>Qui digui que la inf\u00e0ncia i l\u2019adolesc\u00e8ncia \u00e9s la \u00e8poca m\u00e9s feli\u00e7 de la vida, \u00e9s que s\u2019ha oblidat de la seva<\/em><\/p>\n\n\n\n<p>&nbsp;&nbsp;&nbsp;&nbsp;&nbsp;&nbsp;&nbsp;&nbsp;&nbsp;&nbsp;&nbsp;&nbsp;&nbsp;&nbsp;&nbsp;&nbsp;&nbsp;&nbsp;&nbsp;&nbsp;&nbsp;&nbsp;&nbsp;&nbsp;&nbsp;&nbsp;&nbsp;&nbsp;&nbsp;&nbsp;&nbsp;&nbsp;&nbsp;&nbsp;&nbsp;&nbsp;&nbsp;&nbsp;&nbsp;&nbsp;&nbsp;(Beatriz Salzberg)<\/p>\n\n\n\n<p>El camp social, el de la salut i el de l\u2019educaci\u00f3 constitueixen el marc de la nostra actuaci\u00f3 i els reptes amb els quals ens enfrontem. La soledat, el malestar emocional i el frac\u00e0s escolar ens obliguen a una conversa continuada entre totes les professionals que treballem amb la inf\u00e0ncia i l\u2019adolesc\u00e8ncia per buscar aquelles respostes que resulten m\u00e9s eficaces perqu\u00e8 podem, no nom\u00e9s tractar els malestars, sin\u00f3 tamb\u00e9 acollir les creacions.<\/p>\n\n\n\n<p>Com s\u2019expressen amb les paraules, amb el cos, amb la sexualitat, amb l\u2019amor, amb les relacions, amb el saber, no est\u00e0 escrit en cap llibre, cal inventar una resposta que ser\u00e0 sempre in\u00e8dita. \u00c9s en aquets lloc de la seva pr\u00f2pia incertesa on ens esperen, on compten amb nosaltres.&nbsp;<\/p>\n\n\n\n<p>Com a persones adultes, acompanyar a la inf\u00e0ncia i a&nbsp; l\u2019adolesc\u00e8ncia no significa anar per davant, en nom de l\u2019experi\u00e8ncia, ni anar per darrere, deixant-les soles. Es tracta de caminar al seu costat i al seu ritme.<\/p>\n\n\n\n<p>Hannah Arendt ens va convidar a pensar la inf\u00e0ncia i l\u2019adolesc\u00e8ncia com el lloc d\u2019all\u00f2 nou en un m\u00f3n vell i pensar aquesta novetat com a projecte in\u00e8dit \u00e9s un gran repte amb el que ens trobem com a persones adultes i professionals.<\/p>\n\n\n\n<p>Esperem que les preguntes que us proposem en aquest F\u00f2rum serveixin per provocar una trobada que sigui una ocasi\u00f3 per a reflexionar sobre els interrogants que la inf\u00e0ncia i l\u2019adolesc\u00e8ncia&nbsp; plantegen al m\u00f3n.<\/p>\n\n\n\n<p>Comissi\u00f3 d&#8217;organizaci\u00f3n: Eva Aza\u00f1a (SSB Vall d\u2019Hebron), Marina Cast\u00e1n (CSMIJ Horta-Guinard\u00f3), Rosa Cots (EAIA Horta-Guinard\u00f3, Susanna Prades (SSB Carmel, coordinadora programa Interxarxes), Lidia Ram\u00edrez(adjunta coordinaci\u00f3n Interxarxes), Nati Ruiz i Emilia Viladoms (EAP Horta-Guinard\u00f3)<\/p>\n\n\n\n<p>Presencial<\/p>\n\n\n\n<p>Inscripcions a aquest <a href=\"https:\/\/forms.gle\/1kcyoqEPC6V2WzDd8\" target=\"_blank\" rel=\"noreferrer noopener\">ENLLA\u00c7<\/a>.<\/p>\n\n\n\n<p><a href=\"https:\/\/forms.gle\/1kcyoqEPC6V2WzDd8\" target=\"_blank\" rel=\"noreferrer noopener\">https:\/\/forms.gle\/1kcyoqEPC6V2WzDd8<\/a><\/p>\n","protected":false},"excerpt":{"rendered":"<p>Qu\u00e8 estem fent amb la inf\u00e0ncia i l\u2019 adolesc\u00e8ncia?&nbsp; Expressions del malestar. Quines respostes donem?&nbsp; 11 de novembre Biblioteca del Carmel Qui digui que la inf\u00e0ncia i l\u2019adolesc\u00e8ncia \u00e9s la \u00e8poca m\u00e9s feli\u00e7 de la vida, \u00e9s que s\u2019ha oblidat de la seva &nbsp;&nbsp;&nbsp;&nbsp;&nbsp;&nbsp;&nbsp;&nbsp;&nbsp;&nbsp;&nbsp;&nbsp;&nbsp;&nbsp;&nbsp;&nbsp;&nbsp;&nbsp;&nbsp;&nbsp;&nbsp;&nbsp;&nbsp;&nbsp;&nbsp;&nbsp;&nbsp;&nbsp;&nbsp;&nbsp;&nbsp;&nbsp;&nbsp;&nbsp;&nbsp;&nbsp;&nbsp;&nbsp;&nbsp;&nbsp;&nbsp;(Beatriz Salzberg) El camp social, el de la salut i el de [&hellip;]<\/p>\n","protected":false},"author":2,"featured_media":1820,"comment_status":"closed","ping_status":"closed","sticky":false,"template":"","format":"standard","meta":[],"categories":[7],"tags":[],"_links":{"self":[{"href":"http:\/\/www.interxarxes.com\/index.php\/wp-json\/wp\/v2\/posts\/1893"}],"collection":[{"href":"http:\/\/www.interxarxes.com\/index.php\/wp-json\/wp\/v2\/posts"}],"about":[{"href":"http:\/\/www.interxarxes.com\/index.php\/wp-json\/wp\/v2\/types\/post"}],"author":[{"embeddable":true,"href":"http:\/\/www.interxarxes.com\/index.php\/wp-json\/wp\/v2\/users\/2"}],"replies":[{"embeddable":true,"href":"http:\/\/www.interxarxes.com\/index.php\/wp-json\/wp\/v2\/comments?post=1893"}],"version-history":[{"count":1,"href":"http:\/\/www.interxarxes.com\/index.php\/wp-json\/wp\/v2\/posts\/1893\/revisions"}],"predecessor-version":[{"id":1894,"href":"http:\/\/www.interxarxes.com\/index.php\/wp-json\/wp\/v2\/posts\/1893\/revisions\/1894"}],"wp:featuredmedia":[{"embeddable":true,"href":"http:\/\/www.interxarxes.com\/index.php\/wp-json\/wp\/v2\/media\/1820"}],"wp:attachment":[{"href":"http:\/\/www.interxarxes.com\/index.php\/wp-json\/wp\/v2\/media?parent=1893"}],"wp:term":[{"taxonomy":"category","embeddable":true,"href":"http:\/\/www.interxarxes.com\/index.php\/wp-json\/wp\/v2\/categories?post=1893"},{"taxonomy":"post_tag","embeddable":true,"href":"http:\/\/www.interxarxes.com\/index.php\/wp-json\/wp\/v2\/tags?post=1893"}],"curies":[{"name":"wp","href":"https:\/\/api.w.org\/{rel}","templated":true}]}}