{"id":1859,"date":"2022-03-22T09:08:33","date_gmt":"2022-03-22T08:08:33","guid":{"rendered":"http:\/\/www.interxarxes.com\/?p=1859"},"modified":"2022-03-22T09:09:51","modified_gmt":"2022-03-22T08:09:51","slug":"el-treball-en-xarxa-constuccio-collectiva-de-saber","status":"publish","type":"post","link":"http:\/\/www.interxarxes.com\/index.php\/2022\/03\/22\/el-treball-en-xarxa-constuccio-collectiva-de-saber\/","title":{"rendered":"EL TREBALL EN XARXA: CONSTUCCI\u00d3 COL\u00b7LECTIVA DE SABER"},"content":{"rendered":"\n<p class=\"has-text-align-center\"><strong>Plen\u00e0ria Interxarxes<\/strong><\/p>\n\n\n\n<p class=\"has-text-align-center\"><strong>Divendres 25 de MAR\u00c7 de 9:30 a 14:00<\/strong><\/p>\n\n\n\n<p class=\"has-text-align-center\"><strong>Casal de Barri de la Vall d\u2019Hebron Can Travi<\/strong><\/p>\n\n\n\n<p>El treball en xarxa \u00e9s avui per avui alguna cosa m\u00e9s que treballar amb altres que participen d\u2019un cas.&nbsp; \u00c9s, sobretot, mantenir el comprom\u00eds amb la&nbsp;<strong>conversa continuada<\/strong>&nbsp;entre les professionals per millorar l\u2019atenci\u00f3 a la inf\u00e0ncia, l\u2019adolesc\u00e8ncia i les seves fam\u00edlies.<\/p>\n\n\n\n<p>Despr\u00e9s de 22 anys de recorregut, hem fem molts aven\u00e7os. Hem passat d\u2019una necessitat de trobar-nos, a un desig de treballar conjuntament; del saber&nbsp;<em>expert<\/em>&nbsp;al saber&nbsp;<em>produ\u00eft<\/em>&nbsp;posant l\u2019accent en la novetat que el cas presenta, el que ens ha de permetre passar del cas complex al cas objecte d\u2019investigaci\u00f3.<\/p>\n\n\n\n<p>Les Plen\u00e0ries Interxarxes s\u2019havien convertit en un espai tant de formaci\u00f3 com de trobada les professionals dels diferents equips. Durant el temps de la pand\u00e8mia, aquests lla\u00e7os han quedat afectats i malgrat hem pogut trobar-nos telem\u00e0ticament no volem perdre la ocasi\u00f3 d\u2019actualitzar i dinamitzar aquests lla\u00e7os. Volem oferir l\u2019ocasi\u00f3 de parlar presencialment entre nosaltres, de con\u00e8ixer-nos cara a cara, ja que moltes de nosaltres nom\u00e9s ens hem vist a trav\u00e9s d\u2019una pantalla. Tamb\u00e9 volem que aquesta sigui una bona ocasi\u00f3 per con\u00e8ixer a les noves persones que s\u2019han incorporat als diferents equips del Districte Horta Guinard\u00f3, i donar-los a con\u00e8ixer el nostre programa Interxarxes.<\/p>\n\n\n\n<p>Reserveu-vos tamb\u00e9 la data del 10 de juny per la propera Plen\u00e0ria i la del 11 de novembre pel XVI F\u00f2rum Interxarxes.<\/p>\n\n\n\n<p><strong>Programa<\/strong><\/p>\n\n\n\n<p>9:30 -10:00 Benvinguda a c\u00e0rrec de Susanna Prades, coordinadora d\u2019Interxarxes i Presentaci\u00f3 de la&nbsp;<em>Guia d\u2019orientaci\u00f3 per a l\u2019atenci\u00f3 de casos amb metodologia de treball en xarxa<\/em>, a c\u00e0rrec de Lidia Ram\u00edrez, adjunta a la coordinaci\u00f3.<\/p>\n\n\n\n<p>10:00 -11:00 Confer\u00e8ncia a c\u00e0rrec de Jos\u00e9 Ramon Ubieto. \u201c<em>En qu\u00e8 es diferencia el treball en xarxa de la coordinaci\u00f3<\/em>?\u201d<\/p>\n\n\n\n<p>11:00 -11:30 Pausa caf\u00e8 a c\u00e0rrec de&nbsp;<strong>Mart\u00edcofee<\/strong>, Fundaci\u00f3 Privada Jovent, Projecte d\u2019inserci\u00f3 social<\/p>\n\n\n\n<p>11:30 -13:00 Tallers de treball de casos:<\/p>\n\n\n\n<p>Cas 1.&nbsp;<em>Qu\u00e8 puc fer amb el meu germ\u00e0?<\/em>&nbsp;A c\u00e0rrec de Lidia Fortet, psicopedagoga de l\u2019EAP Horta-Guinard\u00f3<\/p>\n\n\n\n<p>Cas 2.\u00a0<em>No voy a dejar que nos pisen<\/em>. A c\u00e0rrec de Laia Vilagin\u00e9s, treballadora social i Marta Saenz de Pablo, educadora social de SSB Carmel<\/p>\n\n\n\n<p>13 a 14:00 Conclusions<\/p>\n","protected":false},"excerpt":{"rendered":"<p>Plen\u00e0ria Interxarxes Divendres 25 de MAR\u00c7 de 9:30 a 14:00 Casal de Barri de la Vall d\u2019Hebron Can Travi El treball en xarxa \u00e9s avui per avui alguna cosa m\u00e9s que treballar amb altres que participen d\u2019un cas.&nbsp; \u00c9s, sobretot, mantenir el comprom\u00eds amb la&nbsp;conversa continuada&nbsp;entre les professionals per millorar l\u2019atenci\u00f3 a la inf\u00e0ncia, l\u2019adolesc\u00e8ncia [&hellip;]<\/p>\n","protected":false},"author":2,"featured_media":1820,"comment_status":"closed","ping_status":"closed","sticky":false,"template":"","format":"standard","meta":[],"categories":[7],"tags":[],"_links":{"self":[{"href":"http:\/\/www.interxarxes.com\/index.php\/wp-json\/wp\/v2\/posts\/1859"}],"collection":[{"href":"http:\/\/www.interxarxes.com\/index.php\/wp-json\/wp\/v2\/posts"}],"about":[{"href":"http:\/\/www.interxarxes.com\/index.php\/wp-json\/wp\/v2\/types\/post"}],"author":[{"embeddable":true,"href":"http:\/\/www.interxarxes.com\/index.php\/wp-json\/wp\/v2\/users\/2"}],"replies":[{"embeddable":true,"href":"http:\/\/www.interxarxes.com\/index.php\/wp-json\/wp\/v2\/comments?post=1859"}],"version-history":[{"count":4,"href":"http:\/\/www.interxarxes.com\/index.php\/wp-json\/wp\/v2\/posts\/1859\/revisions"}],"predecessor-version":[{"id":1865,"href":"http:\/\/www.interxarxes.com\/index.php\/wp-json\/wp\/v2\/posts\/1859\/revisions\/1865"}],"wp:featuredmedia":[{"embeddable":true,"href":"http:\/\/www.interxarxes.com\/index.php\/wp-json\/wp\/v2\/media\/1820"}],"wp:attachment":[{"href":"http:\/\/www.interxarxes.com\/index.php\/wp-json\/wp\/v2\/media?parent=1859"}],"wp:term":[{"taxonomy":"category","embeddable":true,"href":"http:\/\/www.interxarxes.com\/index.php\/wp-json\/wp\/v2\/categories?post=1859"},{"taxonomy":"post_tag","embeddable":true,"href":"http:\/\/www.interxarxes.com\/index.php\/wp-json\/wp\/v2\/tags?post=1859"}],"curies":[{"name":"wp","href":"https:\/\/api.w.org\/{rel}","templated":true}]}}