{"id":1857,"date":"2022-03-16T11:43:42","date_gmt":"2022-03-16T10:43:42","guid":{"rendered":"http:\/\/www.interxarxes.com\/?p=1857"},"modified":"2022-03-16T11:43:46","modified_gmt":"2022-03-16T10:43:46","slug":"el-treball-en-xarxa-constuccio-col-lectiva-de-saber-2","status":"publish","type":"post","link":"http:\/\/www.interxarxes.com\/index.php\/2022\/03\/16\/el-treball-en-xarxa-constuccio-col-lectiva-de-saber-2\/","title":{"rendered":"EL TREBALL EN XARXA: CONSTUCCI\u00d3 COL.LECTIVA DE SABER"},"content":{"rendered":"\n<p class=\"has-text-align-center\"><br>Plen\u00e0ria Interxarxes<\/p>\n\n\n\n<p class=\"has-text-align-center\">Divendres 25 de MAR\u00c7 de 9:30 a 13:45<\/p>\n\n\n\n<p class=\"has-text-align-center\">Casal de Barri de la Vall d\u2019Hebron Can Travi<\/p>\n\n\n\n<p class=\"has-text-align-center\"><a href=\"http:\/\/www.interxarxes.com\/index.php\/2022\/02\/28\/el-treball-en-xarxa-constuccio-col-lectiva-de-saber\/\">http:\/\/www.interxarxes.com\/index.php\/2022\/02\/28\/el-treball-en-xarxa-constuccio-col-lectiva-de-saber\/<\/a><\/p>\n\n\n\n<p class=\"has-text-align-center\">Confer\u00e8ncia a c\u00e0rrec de Jos\u00e9 Ramon Ubieto, co-fundador del Projecte Interxarxes:<\/p>\n\n\n\n<p class=\"has-text-align-center\"><strong>\u201cEn qu\u00e8 es diferencia el treball en xarxa de la coordinaci\u00f3?\u201d<\/strong><\/p>\n\n\n\n<p>Jos\u00e9 Ramon Ubieto \u00e9s psic\u00f2leg cl\u00ednic. Membre de l&#8217;Associaci\u00f3 Mundial de Psicoan\u00e0lisi i de l&#8217;Escola Lacaniana de Psicoan\u00e0lisi. Professor de la UOC. Col\u00b7laborador habitual de La Vanguardia, El Peri\u00f3dico de Catalunya i The Conversation. Ha publicat a diverses revistes nacionals i internacionals. Autor de \u201cEl trabajo en red. Usos posibles en Educaci\u00f3n, Salud mental y Servicios Sociales\u201d (Gedisa, 2009), \u201cLa construcci\u00f3n del caso en el trabajo en red. Teor\u00eda y pr\u00e1ctica\u201d (EdiUOC, 2012), &#8220;TDAH. Hablar con el cuerpo&#8221; (EdiUOC, 2014), \u201cBullying. Una falsa salida para los adolescentes\u201d (Ned, 2016), \u201cNi\u00f1@s hiper. Infancias hiperactivas, hipersexualizadas, hiperconectadas\u201d (Ned, 2018), \u201cDel Padre al iPad. Familias y redes en la era digital\u201d (2019, Ned) y \u201cEl mundo pos-COVID. Entre la presencia y lo virtual\u201d (2021, Ned)<\/p>\n","protected":false},"excerpt":{"rendered":"<p>Plen\u00e0ria Interxarxes Divendres 25 de MAR\u00c7 de 9:30 a 13:45 Casal de Barri de la Vall d\u2019Hebron Can Travi http:\/\/www.interxarxes.com\/index.php\/2022\/02\/28\/el-treball-en-xarxa-constuccio-col-lectiva-de-saber\/ Confer\u00e8ncia a c\u00e0rrec de Jos\u00e9 Ramon Ubieto, co-fundador del Projecte Interxarxes: \u201cEn qu\u00e8 es diferencia el treball en xarxa de la coordinaci\u00f3?\u201d Jos\u00e9 Ramon Ubieto \u00e9s psic\u00f2leg cl\u00ednic. Membre de l&#8217;Associaci\u00f3 Mundial de Psicoan\u00e0lisi i [&hellip;]<\/p>\n","protected":false},"author":2,"featured_media":1820,"comment_status":"closed","ping_status":"closed","sticky":false,"template":"","format":"standard","meta":[],"categories":[7],"tags":[],"_links":{"self":[{"href":"http:\/\/www.interxarxes.com\/index.php\/wp-json\/wp\/v2\/posts\/1857"}],"collection":[{"href":"http:\/\/www.interxarxes.com\/index.php\/wp-json\/wp\/v2\/posts"}],"about":[{"href":"http:\/\/www.interxarxes.com\/index.php\/wp-json\/wp\/v2\/types\/post"}],"author":[{"embeddable":true,"href":"http:\/\/www.interxarxes.com\/index.php\/wp-json\/wp\/v2\/users\/2"}],"replies":[{"embeddable":true,"href":"http:\/\/www.interxarxes.com\/index.php\/wp-json\/wp\/v2\/comments?post=1857"}],"version-history":[{"count":1,"href":"http:\/\/www.interxarxes.com\/index.php\/wp-json\/wp\/v2\/posts\/1857\/revisions"}],"predecessor-version":[{"id":1858,"href":"http:\/\/www.interxarxes.com\/index.php\/wp-json\/wp\/v2\/posts\/1857\/revisions\/1858"}],"wp:featuredmedia":[{"embeddable":true,"href":"http:\/\/www.interxarxes.com\/index.php\/wp-json\/wp\/v2\/media\/1820"}],"wp:attachment":[{"href":"http:\/\/www.interxarxes.com\/index.php\/wp-json\/wp\/v2\/media?parent=1857"}],"wp:term":[{"taxonomy":"category","embeddable":true,"href":"http:\/\/www.interxarxes.com\/index.php\/wp-json\/wp\/v2\/categories?post=1857"},{"taxonomy":"post_tag","embeddable":true,"href":"http:\/\/www.interxarxes.com\/index.php\/wp-json\/wp\/v2\/tags?post=1857"}],"curies":[{"name":"wp","href":"https:\/\/api.w.org\/{rel}","templated":true}]}}