{"id":1522,"date":"2018-12-16T19:56:14","date_gmt":"2018-12-16T18:56:14","guid":{"rendered":"http:\/\/www.interxarxes.com\/?p=1522"},"modified":"2018-12-16T20:03:54","modified_gmt":"2018-12-16T19:03:54","slug":"1522","status":"publish","type":"post","link":"http:\/\/www.interxarxes.com\/index.php\/2018\/12\/16\/1522\/","title":{"rendered":"Identitat i creaci\u00f3 en les adolesc\u00e8ncies &#8211; Ressenya del XIII\u00e8 F\u00f2rum d&#8217;Interxarxes"},"content":{"rendered":"\n<p><em>Aquesta \u00e9s una ressenya sobre la taula rodona \u201c<\/em>Identitat i creaci\u00f3 en les adolesc\u00e8ncies<em>\u201d celebrada durant el XIII\u00e8 F\u00f2rum d\u2019Interxarxes i en la que van participar el catedr\u00e0tic d&#8217;antropologia Carles Freixa i el psic\u00f2leg cl\u00ednic Jorge Ti\u00f3.&nbsp;Ha estat escrita per la&nbsp;psicopedagoga del EAP Horta Guinard\u00f3&nbsp;<strong>Yolanda Feligreras<\/strong>.<\/em>&nbsp;<\/p>\n\n\n\n<div class=\"wp-block-image\"><figure class=\"alignleft is-resized\"><img loading=\"lazy\" src=\"http:\/\/www.interxarxes.com\/wp-content\/uploads\/2018\/12\/yolanda-feligreras-677x1024.jpg\" alt=\"\" class=\"wp-image-1524\" width=\"184\" height=\"278\" srcset=\"http:\/\/www.interxarxes.com\/wp-content\/uploads\/2018\/12\/yolanda-feligreras-677x1024.jpg 677w, http:\/\/www.interxarxes.com\/wp-content\/uploads\/2018\/12\/yolanda-feligreras-198x300.jpg 198w, http:\/\/www.interxarxes.com\/wp-content\/uploads\/2018\/12\/yolanda-feligreras.jpg 685w\" sizes=\"(max-width: 184px) 100vw, 184px\" \/><\/figure><\/div>\n\n\n\n<p>La primera taula, amb el t\u00edtol <strong>\u201cIdentitat i creaci\u00f3 en les adolesc\u00e8ncies\u201d<\/strong>,&nbsp; va ser coordinada per la Iolanda Moragues,cap del Servei de Suport de Programes Socials de la Diputaci\u00f3 de Barcelona, quiva posar \u00e8mfasi&nbsp; en <strong>l\u2019enfocament positiu de l\u2019adolesc\u00e8ncia<\/strong>. <\/p>\n\n\n\n<p>El primer ponent, en Carles Feixa, catedr\u00e0tic\nd\u2019antropologia social de la UPF, entenent l\u2019adolesc\u00e8ncia com un <strong>relat<\/strong>, va reflexionar sobre <strong>l\u2019imaginari pre-adolescent, adolescent\ni&nbsp; post-adolescent <\/strong>, tot fent un interessant\nrecorregut per les tres etapes a trav\u00e9s de tres personatges<strong> cl\u00e0ssics del cinema<\/strong> (Tarzan, Peter Pan i Blade Runner) i els seus &nbsp;complementaris <strong>femenins<\/strong> (Jane, Wendy i Rachel), sovint oblidades per\u00f2\nimprescindibles per entendre &nbsp;1) &nbsp;l\u2019adolescent que vol ser adult, 2) l\u2019etern\nadolescent i 3) l\u2019adolescent rebeld. &nbsp;<\/p>\n\n\n\n<p>El segon ponent, en Jorge Ti\u00f3, psic\u00f2leg cl\u00ednic\nen la Fundaci\u00f3 Sant Pere Claver, &nbsp;va\nparlar de l\u2019adolesc\u00e8ncia com a per\u00edode d\u2019<strong>incertesa<\/strong>\nque necessita de <strong>l\u2019acompanyament ajustat\nde l\u2019entorn<\/strong>, sobretot de la fam\u00edlia, per tal que l\u2019adolescent pugui\nconstruir un <strong>sentiment d\u2019identitat<\/strong> \u201cprou\nbo\u201d i va assenyalar la import\u00e0ncia de <strong>l\u2019autoritat<\/strong>\ncom <em>all\u00f2 que et fa cr\u00e9ixer i que\nt\u2019escolta<\/em>&nbsp; i tamb\u00e9 del <strong>treball en xarxa<\/strong> com a alternativa a\nl\u2019etiquetatge. &nbsp;<\/p>\n\n\n\n<p>En el torn d\u2019obert,&nbsp; es va plantejar la pregunta <strong>\u201cAmb qu\u00e8 somien els adolescents?\u201d<\/strong>,&nbsp; la qual podria donar peu&nbsp; a una investigaci\u00f3.<\/p>\n","protected":false},"excerpt":{"rendered":"<p>Aquesta \u00e9s una ressenya sobre la taula rodona \u201cIdentitat i creaci\u00f3 en les adolesc\u00e8ncies\u201d celebrada durant el XIII\u00e8 F\u00f2rum d\u2019Interxarxes i en la que van participar el catedr\u00e0tic d&#8217;antropologia Carles Freixa i el psic\u00f2leg cl\u00ednic Jorge Ti\u00f3.&nbsp;Ha estat escrita per la&nbsp;psicopedagoga del EAP Horta Guinard\u00f3&nbsp;Yolanda Feligreras.&nbsp; La primera taula, amb el t\u00edtol \u201cIdentitat i creaci\u00f3 [&hellip;]<\/p>\n","protected":false},"author":2,"featured_media":1498,"comment_status":"closed","ping_status":"closed","sticky":false,"template":"","format":"standard","meta":[],"categories":[12,7],"tags":[],"_links":{"self":[{"href":"http:\/\/www.interxarxes.com\/index.php\/wp-json\/wp\/v2\/posts\/1522"}],"collection":[{"href":"http:\/\/www.interxarxes.com\/index.php\/wp-json\/wp\/v2\/posts"}],"about":[{"href":"http:\/\/www.interxarxes.com\/index.php\/wp-json\/wp\/v2\/types\/post"}],"author":[{"embeddable":true,"href":"http:\/\/www.interxarxes.com\/index.php\/wp-json\/wp\/v2\/users\/2"}],"replies":[{"embeddable":true,"href":"http:\/\/www.interxarxes.com\/index.php\/wp-json\/wp\/v2\/comments?post=1522"}],"version-history":[{"count":2,"href":"http:\/\/www.interxarxes.com\/index.php\/wp-json\/wp\/v2\/posts\/1522\/revisions"}],"predecessor-version":[{"id":1527,"href":"http:\/\/www.interxarxes.com\/index.php\/wp-json\/wp\/v2\/posts\/1522\/revisions\/1527"}],"wp:featuredmedia":[{"embeddable":true,"href":"http:\/\/www.interxarxes.com\/index.php\/wp-json\/wp\/v2\/media\/1498"}],"wp:attachment":[{"href":"http:\/\/www.interxarxes.com\/index.php\/wp-json\/wp\/v2\/media?parent=1522"}],"wp:term":[{"taxonomy":"category","embeddable":true,"href":"http:\/\/www.interxarxes.com\/index.php\/wp-json\/wp\/v2\/categories?post=1522"},{"taxonomy":"post_tag","embeddable":true,"href":"http:\/\/www.interxarxes.com\/index.php\/wp-json\/wp\/v2\/tags?post=1522"}],"curies":[{"name":"wp","href":"https:\/\/api.w.org\/{rel}","templated":true}]}}