{"id":1515,"date":"2018-12-16T19:43:28","date_gmt":"2018-12-16T18:43:28","guid":{"rendered":"http:\/\/www.interxarxes.com\/?p=1515"},"modified":"2018-12-16T19:44:05","modified_gmt":"2018-12-16T18:44:05","slug":"quatre-adolescents-davant-lhemicicle-ressenya-del-xiiie-forum-dinterxarxes","status":"publish","type":"post","link":"http:\/\/www.interxarxes.com\/index.php\/2018\/12\/16\/quatre-adolescents-davant-lhemicicle-ressenya-del-xiiie-forum-dinterxarxes\/","title":{"rendered":"Quatre adolescents davant l&#8217;hemicicle &#8211; Ressenya del XIII\u00e8 F\u00f2rum d&#8217;Interxarxes"},"content":{"rendered":"\n<p><em>Aquesta \u00e9s una ressenya sobre la taula rodona &#8220;Invencions en primera persona&#8221; celebrada durant el XIII\u00e8 F\u00f2rum d&#8217;Interxarxes.\u00a0Ha estat escrita per\u00a0<\/em><strong><em>Candela P\u00e9rez Sotelo <\/em><\/strong><em>i<\/em><strong><em> Aitor Echebarria Manresa <\/em><\/strong><em>(APC del Vall d\u2019Hebr\u00f3n\u2013Horta)<\/em><\/p>\n\n\n\n<div class=\"wp-block-image\"><figure class=\"alignleft is-resized\"><img loading=\"lazy\" src=\"http:\/\/www.interxarxes.com\/wp-content\/uploads\/2018\/12\/aitor-y-candela2-1024x1024.jpg\" alt=\"\" class=\"wp-image-1518\" width=\"253\" height=\"253\" srcset=\"http:\/\/www.interxarxes.com\/wp-content\/uploads\/2018\/12\/aitor-y-candela2-1024x1024.jpg 1024w, http:\/\/www.interxarxes.com\/wp-content\/uploads\/2018\/12\/aitor-y-candela2-150x150.jpg 150w, http:\/\/www.interxarxes.com\/wp-content\/uploads\/2018\/12\/aitor-y-candela2-300x300.jpg 300w, http:\/\/www.interxarxes.com\/wp-content\/uploads\/2018\/12\/aitor-y-candela2-550x550.jpg 550w, http:\/\/www.interxarxes.com\/wp-content\/uploads\/2018\/12\/aitor-y-candela2-1100x1100.jpg 1100w, http:\/\/www.interxarxes.com\/wp-content\/uploads\/2018\/12\/aitor-y-candela2-500x500.jpg 500w, http:\/\/www.interxarxes.com\/wp-content\/uploads\/2018\/12\/aitor-y-candela2-225x225.jpg 225w, http:\/\/www.interxarxes.com\/wp-content\/uploads\/2018\/12\/aitor-y-candela2-200x200.jpg 200w, http:\/\/www.interxarxes.com\/wp-content\/uploads\/2018\/12\/aitor-y-candela2-400x400.jpg 400w, http:\/\/www.interxarxes.com\/wp-content\/uploads\/2018\/12\/aitor-y-candela2-600x600.jpg 600w, http:\/\/www.interxarxes.com\/wp-content\/uploads\/2018\/12\/aitor-y-candela2-1200x1200.jpg 1200w\" sizes=\"(max-width: 253px) 100vw, 253px\" \/><\/figure><\/div>\n\n\n\n<p>El passat 16 deNovembre en el marc de la Jornada d\u2019Interxarxes \u201c<strong>Sortir de la inf\u00e0ncia. Invencions adolescents i xarxes<\/strong>\u201d quatre adolescents van donar una lli\u00e7\u00f3 a l\u2019hemicicle de professionals inscrits a les jornades per mitj\u00e0 de la seva naturalitat, espontane\u00eftat i conviccions.<\/p>\n\n\n\n<p>El <strong>Marc<\/strong>, la <strong>Katy<\/strong>, el <strong>Jose Antonio<\/strong> i la <strong>N\u00faria<\/strong> van pujar a l\u2019escenari a conversar amb el <strong>Jose Ram\u00f3n Ubieto<\/strong> per parlar del seu talent amb molt \u201ctalante\u201d i molta frescor amb cadascun dels seus testimonis.<\/p>\n\n\n\n<p>En Marc Segarra estudiant de Batxillerat i excels guitarrista parlava de la m\u00fasica com quelcom que <em>\u201c<strong>no es pot expressar amb paraules<\/strong>\u201d<\/em> i que es sent molt m\u00e9s c\u00f2mode expressant-se \u201camb el meu instrument que amb la veu\u201d. I que cal perseverar en tenir un propi segell i una pr\u00f2pia ess\u00e8ncia amb all\u00f2 amb el que fas.<\/p>\n\n\n\n<p>La N\u00faria Sed\u00f3, estudiant d\u2019un Grau Superior de Caracteritzaci\u00f3 i Maquillatge Professional, incidia en que no contempla un plan B en el seu futur perqu\u00e8 <em>\u201cem vull dedicara aix\u00f2\u201d<\/em>. Gaudeix, es centra i desconnecta del m\u00f3n exterior amb les seves creacions; <em>\u201c<strong>a partir de les meves mans creo i construeixo personatges<\/strong>\u201d<\/em>.\u00a0\u00a0 <\/p>\n\n\n\n<p>Per la seva bandala Katy Olga, estudiant de dansa contempor\u00e0nia, confessava que <em>\u201c<strong>el moviment em dona disciplina<\/strong>\u201d<\/em>, li permet comunicar-se millor amb la gent i controlar l\u2019estr\u00e8s. T\u00e9 clar que en un futur vol anar estudiar a Corea del Sud i perfeccionar el seu estil K-POP. <\/p>\n\n\n\n<p>Per \u00faltim, Jose Antonio Duran es va iniciar en el m\u00f3n \u201cyoutuber\u201d perqu\u00e8 va veure que si <em>\u201c<strong>aquella persona ho podia fer, perqu\u00e8 jo no<\/strong>\u201d.\u00a0<\/em>Li agrada definir-se com <em>\u201ccreador decontinguts\u201d<\/em> i que s\u2019agrada m\u00e9s <em>\u201cen el m\u00f3n virtual que en el real\u201d. <\/em>Insistia en que estar en algun canal \u201c<em>implica molta pressi\u00f3 i que un s\u2019ha d\u2019adaptar o et pot destrossar psicol\u00f2gicament\u201d<\/em>.<\/p>\n\n\n\n<p>En aquesta l\u00ednia els quatre participants es reafirmaven en que si es lluita, si es creu en un mateix i per mitj\u00e0 de l\u2019esfor\u00e7 tot arriba <em>\u201ci en el cas que no aconsegueixis all\u00f2 que vols t\u2019emportes la experi\u00e8ncia\u201d <\/em>puntualitz\u00e0 Jose Antonio. \u00a0\u00a0<\/p>\n\n\n\n<p>La N\u00faria parlava del \u201c<strong>duendecillo<\/strong>\u201d que apareix amb la cantarella <em>\u201cque vas a fracassar\u201d<\/em> i el <em>\u201ci si, i si, i si&#8230;\u201d<\/em> recurrent en aquestes professions que provoca tanta incertesa entre les fam\u00edlies al que s\u2019ha de respondre <em>\u201ci si&#8230;NO!!!\u201d<\/em>. <\/p>\n\n\n\n<p>Katy Olga parlava del sacrifici i patiment que li suposa, en ocasions, el ball pel que fa a les hores d\u2019entrenament i l\u2019esfor\u00e7 empleat per\u00f2 que les ll\u00e0grimes que vessar li reconforten un cop surt a l\u2019escenari on <strong>allibera totes les tensions acumulades<\/strong>.<\/p>\n\n\n\n<p>Els quatre adolescents van reivindicar les seves professions ja que <em>\u201cl\u2019art tira a l\u2019art\u201d<\/em> i que <em>\u201csi tens quelcom, cal potenciar-ho amb molt treball invisible al darrera\u201d.<\/em><\/p>\n\n\n\n<p>A mode de cloenda de les jornades el Marc Segarra conjuntament amb la Claudia Serrats, membre dela <strong>Monturiol\u2019s Band<\/strong> de l\u2019IES Narcis Monturiol, ens van deleitar amb un set-list de \u201chits\u201d dels 90. La tria de les can\u00e7ons, el cl\u00e0ssic \u201cCreep\u201d de Radiohead i\u201cEl Boig de la ciutat\u201d dels Sopa de Cabra, semblava reafirmar la convicci\u00f3 d\u2019aquests quatre joves que amb el seu testimoni no volen renunciar als seus somnis ni ser <em>\u201cweirdos\u201d<\/em> ni<em> \u201cbojos\u201d <\/em>de la societat.<strong><em>\u00a0<\/em><\/strong><\/p>\n","protected":false},"excerpt":{"rendered":"<p>Aquesta \u00e9s una ressenya sobre la taula rodona &#8220;Invencions en primera persona&#8221; celebrada durant el XIII\u00e8 F\u00f2rum d&#8217;Interxarxes.\u00a0Ha estat escrita per\u00a0Candela P\u00e9rez Sotelo i Aitor Echebarria Manresa (APC del Vall d\u2019Hebr\u00f3n\u2013Horta) El passat 16 deNovembre en el marc de la Jornada d\u2019Interxarxes \u201cSortir de la inf\u00e0ncia. Invencions adolescents i xarxes\u201d quatre adolescents van donar una [&hellip;]<\/p>\n","protected":false},"author":2,"featured_media":1496,"comment_status":"closed","ping_status":"closed","sticky":false,"template":"","format":"standard","meta":[],"categories":[12,7],"tags":[],"_links":{"self":[{"href":"http:\/\/www.interxarxes.com\/index.php\/wp-json\/wp\/v2\/posts\/1515"}],"collection":[{"href":"http:\/\/www.interxarxes.com\/index.php\/wp-json\/wp\/v2\/posts"}],"about":[{"href":"http:\/\/www.interxarxes.com\/index.php\/wp-json\/wp\/v2\/types\/post"}],"author":[{"embeddable":true,"href":"http:\/\/www.interxarxes.com\/index.php\/wp-json\/wp\/v2\/users\/2"}],"replies":[{"embeddable":true,"href":"http:\/\/www.interxarxes.com\/index.php\/wp-json\/wp\/v2\/comments?post=1515"}],"version-history":[{"count":4,"href":"http:\/\/www.interxarxes.com\/index.php\/wp-json\/wp\/v2\/posts\/1515\/revisions"}],"predecessor-version":[{"id":1521,"href":"http:\/\/www.interxarxes.com\/index.php\/wp-json\/wp\/v2\/posts\/1515\/revisions\/1521"}],"wp:featuredmedia":[{"embeddable":true,"href":"http:\/\/www.interxarxes.com\/index.php\/wp-json\/wp\/v2\/media\/1496"}],"wp:attachment":[{"href":"http:\/\/www.interxarxes.com\/index.php\/wp-json\/wp\/v2\/media?parent=1515"}],"wp:term":[{"taxonomy":"category","embeddable":true,"href":"http:\/\/www.interxarxes.com\/index.php\/wp-json\/wp\/v2\/categories?post=1515"},{"taxonomy":"post_tag","embeddable":true,"href":"http:\/\/www.interxarxes.com\/index.php\/wp-json\/wp\/v2\/tags?post=1515"}],"curies":[{"name":"wp","href":"https:\/\/api.w.org\/{rel}","templated":true}]}}