{"id":1493,"date":"2018-11-25T21:01:57","date_gmt":"2018-11-25T20:01:57","guid":{"rendered":"http:\/\/www.interxarxes.com\/?p=1493"},"modified":"2018-12-03T22:15:53","modified_gmt":"2018-12-03T21:15:53","slug":"resum-del-xiiie-forum-dinterxarxes","status":"publish","type":"post","link":"http:\/\/www.interxarxes.com\/index.php\/2018\/11\/25\/resum-del-xiiie-forum-dinterxarxes\/","title":{"rendered":"Resum del XIII\u00e8 F\u00f2rum d&#8217;Interxarxes"},"content":{"rendered":"<p>El passat divendres 16 de novembre el programa <strong>Interxarxes<\/strong> va celebrar l&#8217;edici\u00f3 n\u00famero 13 del F\u00f2rum Interxarxes. Una trobada que va tenir una molt bona acollida entre els m\u00e9s de 200 assitents a l&#8217;Espai Francesca Bonnemaison i durant la qual vam intentar reflexionar sobre \u201c<strong>Sortir de la inf\u00e0ncia. Invencions adolescents i xarxes<\/strong>\u201d.<\/p>\n<p>L&#8217;acte va ser presentat per <strong>Jordi Mart\u00ed<\/strong> de la Diputaci\u00f3 de Barcelona, <strong>Rosa Mar\u00eda Serrasolsas<\/strong> del Consorci Sanitari,<strong> Joan Cela<\/strong> del districte Horta-Guinard\u00f3 y <strong>Marta Comas<\/strong> del Consorci d&#8217;Educaci\u00f3 de Barcelona.<\/p>\n<p><img loading=\"lazy\" class=\"wp-image-1497 size-medium alignleft\" src=\"http:\/\/www.interxarxes.com\/wp-content\/uploads\/2018\/11\/general-300x169.jpg\" alt=\"\" width=\"300\" height=\"169\" srcset=\"http:\/\/www.interxarxes.com\/wp-content\/uploads\/2018\/11\/general-300x169.jpg 300w, http:\/\/www.interxarxes.com\/wp-content\/uploads\/2018\/11\/general-768x431.jpg 768w, http:\/\/www.interxarxes.com\/wp-content\/uploads\/2018\/11\/general-1024x575.jpg 1024w, http:\/\/www.interxarxes.com\/wp-content\/uploads\/2018\/11\/general-736x414.jpg 736w\" sizes=\"(max-width: 300px) 100vw, 300px\" \/><img loading=\"lazy\" class=\"wp-image-1501 size-medium alignleft\" src=\"http:\/\/www.interxarxes.com\/wp-content\/uploads\/2018\/11\/pblico-300x169.jpg\" alt=\"\" width=\"300\" height=\"169\" srcset=\"http:\/\/www.interxarxes.com\/wp-content\/uploads\/2018\/11\/pblico-300x169.jpg 300w, http:\/\/www.interxarxes.com\/wp-content\/uploads\/2018\/11\/pblico-768x431.jpg 768w, http:\/\/www.interxarxes.com\/wp-content\/uploads\/2018\/11\/pblico-1024x575.jpg 1024w, http:\/\/www.interxarxes.com\/wp-content\/uploads\/2018\/11\/pblico-330x185.jpg 330w, http:\/\/www.interxarxes.com\/wp-content\/uploads\/2018\/11\/pblico-1920x1079.jpg 1920w, http:\/\/www.interxarxes.com\/wp-content\/uploads\/2018\/11\/pblico-736x414.jpg 736w, http:\/\/www.interxarxes.com\/wp-content\/uploads\/2018\/11\/pblico-1280x719.jpg 1280w, http:\/\/www.interxarxes.com\/wp-content\/uploads\/2018\/11\/pblico-414x233.jpg 414w\" sizes=\"(max-width: 300px) 100vw, 300px\" \/><\/p>\n<p><img loading=\"lazy\" class=\"aligncenter wp-image-1506 size-medium\" src=\"http:\/\/www.interxarxes.com\/wp-content\/uploads\/2018\/11\/img_6777-300x200.jpg\" alt=\"\" width=\"300\" height=\"200\" srcset=\"http:\/\/www.interxarxes.com\/wp-content\/uploads\/2018\/11\/img_6777-300x200.jpg 300w, http:\/\/www.interxarxes.com\/wp-content\/uploads\/2018\/11\/img_6777-768x512.jpg 768w, http:\/\/www.interxarxes.com\/wp-content\/uploads\/2018\/11\/img_6777-1024x683.jpg 1024w, http:\/\/www.interxarxes.com\/wp-content\/uploads\/2018\/11\/img_6777-150x100.jpg 150w, http:\/\/www.interxarxes.com\/wp-content\/uploads\/2018\/11\/img_6777-330x220.jpg 330w, http:\/\/www.interxarxes.com\/wp-content\/uploads\/2018\/11\/img_6777-900x600.jpg 900w, http:\/\/www.interxarxes.com\/wp-content\/uploads\/2018\/11\/img_6777-1800x1200.jpg 1800w, http:\/\/www.interxarxes.com\/wp-content\/uploads\/2018\/11\/img_6777-736x490.jpg 736w, http:\/\/www.interxarxes.com\/wp-content\/uploads\/2018\/11\/img_6777-1920x1280.jpg 1920w, http:\/\/www.interxarxes.com\/wp-content\/uploads\/2018\/11\/img_6777-621x414.jpg 621w, http:\/\/www.interxarxes.com\/wp-content\/uploads\/2018\/11\/img_6777-1280x853.jpg 1280w, http:\/\/www.interxarxes.com\/wp-content\/uploads\/2018\/11\/img_6777-414x276.jpg 414w\" sizes=\"(max-width: 300px) 100vw, 300px\" \/><\/p>\n<p>Vam poder gaudir i apendre de diverses taules rodones de debat, pon\u00e8ncies, un col\u00b7loqui entre adolescents i, fins i tot, una actuaci\u00f3 musical en directe. En la primera taula van participar <strong>Carles Feix<\/strong>a i <strong>Jorge Ti\u00f3<\/strong>, coordinats per la <strong>Iolanda Moragues<\/strong> de la Diputaci\u00f3 de Barcelona. A continuaci\u00f3, <strong>Ariadna Casas<\/strong> del Servei de Conviv\u00e8ncia e Interculturalitat d\u2019Horta Guinard\u00f3 i <strong>Alfredo Cohen<\/strong> d&#8217;El Parlante ens presentaren el v\u00eddeo de Barribook.<\/p>\n<p><img loading=\"lazy\" class=\"size-medium wp-image-1498 alignleft\" src=\"http:\/\/www.interxarxes.com\/wp-content\/uploads\/2018\/11\/jorge-tio-carles-freixa-300x169.jpg\" alt=\"\" width=\"300\" height=\"169\" srcset=\"http:\/\/www.interxarxes.com\/wp-content\/uploads\/2018\/11\/jorge-tio-carles-freixa-300x169.jpg 300w, http:\/\/www.interxarxes.com\/wp-content\/uploads\/2018\/11\/jorge-tio-carles-freixa-768x431.jpg 768w, http:\/\/www.interxarxes.com\/wp-content\/uploads\/2018\/11\/jorge-tio-carles-freixa-1024x575.jpg 1024w, http:\/\/www.interxarxes.com\/wp-content\/uploads\/2018\/11\/jorge-tio-carles-freixa-736x414.jpg 736w\" sizes=\"(max-width: 300px) 100vw, 300px\" \/><\/p>\n<p>&nbsp;<\/p>\n<p><img loading=\"lazy\" class=\"size-medium wp-image-1511 alignleft\" src=\"http:\/\/www.interxarxes.com\/wp-content\/uploads\/2018\/11\/alfredo-cohen-300x199.jpg\" alt=\"\" width=\"300\" height=\"199\" srcset=\"http:\/\/www.interxarxes.com\/wp-content\/uploads\/2018\/11\/alfredo-cohen-300x199.jpg 300w, http:\/\/www.interxarxes.com\/wp-content\/uploads\/2018\/11\/alfredo-cohen-768x511.jpg 768w, http:\/\/www.interxarxes.com\/wp-content\/uploads\/2018\/11\/alfredo-cohen-1024x681.jpg 1024w, http:\/\/www.interxarxes.com\/wp-content\/uploads\/2018\/11\/alfredo-cohen-150x100.jpg 150w, http:\/\/www.interxarxes.com\/wp-content\/uploads\/2018\/11\/alfredo-cohen-330x219.jpg 330w, http:\/\/www.interxarxes.com\/wp-content\/uploads\/2018\/11\/alfredo-cohen-900x600.jpg 900w, http:\/\/www.interxarxes.com\/wp-content\/uploads\/2018\/11\/alfredo-cohen-1800x1200.jpg 1800w, http:\/\/www.interxarxes.com\/wp-content\/uploads\/2018\/11\/alfredo-cohen-736x490.jpg 736w, http:\/\/www.interxarxes.com\/wp-content\/uploads\/2018\/11\/alfredo-cohen-1920x1277.jpg 1920w, http:\/\/www.interxarxes.com\/wp-content\/uploads\/2018\/11\/alfredo-cohen-623x414.jpg 623w, http:\/\/www.interxarxes.com\/wp-content\/uploads\/2018\/11\/alfredo-cohen-1280x851.jpg 1280w, http:\/\/www.interxarxes.com\/wp-content\/uploads\/2018\/11\/alfredo-cohen-414x275.jpg 414w\" sizes=\"(max-width: 300px) 100vw, 300px\" \/><\/p>\n<p><img loading=\"lazy\" class=\"size-medium wp-image-1512 alignleft\" src=\"http:\/\/www.interxarxes.com\/wp-content\/uploads\/2018\/11\/ariadna-casas-300x199.jpg\" alt=\"\" width=\"300\" height=\"199\" srcset=\"http:\/\/www.interxarxes.com\/wp-content\/uploads\/2018\/11\/ariadna-casas-300x199.jpg 300w, http:\/\/www.interxarxes.com\/wp-content\/uploads\/2018\/11\/ariadna-casas-768x511.jpg 768w, http:\/\/www.interxarxes.com\/wp-content\/uploads\/2018\/11\/ariadna-casas-1024x681.jpg 1024w, http:\/\/www.interxarxes.com\/wp-content\/uploads\/2018\/11\/ariadna-casas-150x100.jpg 150w, http:\/\/www.interxarxes.com\/wp-content\/uploads\/2018\/11\/ariadna-casas-330x219.jpg 330w, http:\/\/www.interxarxes.com\/wp-content\/uploads\/2018\/11\/ariadna-casas-900x600.jpg 900w, http:\/\/www.interxarxes.com\/wp-content\/uploads\/2018\/11\/ariadna-casas-1800x1200.jpg 1800w, http:\/\/www.interxarxes.com\/wp-content\/uploads\/2018\/11\/ariadna-casas-736x490.jpg 736w, http:\/\/www.interxarxes.com\/wp-content\/uploads\/2018\/11\/ariadna-casas-1920x1277.jpg 1920w, http:\/\/www.interxarxes.com\/wp-content\/uploads\/2018\/11\/ariadna-casas-623x414.jpg 623w, http:\/\/www.interxarxes.com\/wp-content\/uploads\/2018\/11\/ariadna-casas-1280x851.jpg 1280w, http:\/\/www.interxarxes.com\/wp-content\/uploads\/2018\/11\/ariadna-casas-414x275.jpg 414w\" sizes=\"(max-width: 300px) 100vw, 300px\" \/><\/p>\n<p>&nbsp;<\/p>\n<p>&nbsp;<\/p>\n<p>&nbsp;<\/p>\n<p>&nbsp;<\/p>\n<p>&nbsp;<\/p>\n<p><strong>Jos\u00e9 Ramon Ubieto<\/strong> va conversar amb <strong>Kati Olga<\/strong>, <strong>Jos\u00e9 Antonio Duran<\/strong>, <strong>N\u00faria Sed\u00f3<\/strong> i <strong>Marc Segarra<\/strong> sobre les seves invencions particulars. I, finalment, <strong>Tatiana Udina<\/strong> va convidar a<strong> Lu\u00efsa Casas<\/strong>, <strong>Jos\u00e9 Miguel Leo<\/strong> y <strong>Claudio Zuli\u00e1n<\/strong> a conversar sobre les claus que fomenten la creaci\u00f3 i la invenci\u00f3 en els adolescents.<\/p>\n<p><img loading=\"lazy\" class=\"size-medium wp-image-1502 alignleft\" src=\"http:\/\/www.interxarxes.com\/wp-content\/uploads\/2018\/11\/acompanyant-la-creacio-mix-min-300x200.jpg\" alt=\"\" width=\"300\" height=\"200\" srcset=\"http:\/\/www.interxarxes.com\/wp-content\/uploads\/2018\/11\/acompanyant-la-creacio-mix-min-300x200.jpg 300w, http:\/\/www.interxarxes.com\/wp-content\/uploads\/2018\/11\/acompanyant-la-creacio-mix-min-768x512.jpg 768w, http:\/\/www.interxarxes.com\/wp-content\/uploads\/2018\/11\/acompanyant-la-creacio-mix-min-1024x683.jpg 1024w, http:\/\/www.interxarxes.com\/wp-content\/uploads\/2018\/11\/acompanyant-la-creacio-mix-min-150x100.jpg 150w, http:\/\/www.interxarxes.com\/wp-content\/uploads\/2018\/11\/acompanyant-la-creacio-mix-min-330x220.jpg 330w, http:\/\/www.interxarxes.com\/wp-content\/uploads\/2018\/11\/acompanyant-la-creacio-mix-min-900x600.jpg 900w, http:\/\/www.interxarxes.com\/wp-content\/uploads\/2018\/11\/acompanyant-la-creacio-mix-min-1800x1200.jpg 1800w, http:\/\/www.interxarxes.com\/wp-content\/uploads\/2018\/11\/acompanyant-la-creacio-mix-min-736x490.jpg 736w, http:\/\/www.interxarxes.com\/wp-content\/uploads\/2018\/11\/acompanyant-la-creacio-mix-min-1920x1280.jpg 1920w, http:\/\/www.interxarxes.com\/wp-content\/uploads\/2018\/11\/acompanyant-la-creacio-mix-min-621x414.jpg 621w, http:\/\/www.interxarxes.com\/wp-content\/uploads\/2018\/11\/acompanyant-la-creacio-mix-min-1280x853.jpg 1280w, http:\/\/www.interxarxes.com\/wp-content\/uploads\/2018\/11\/acompanyant-la-creacio-mix-min-414x276.jpg 414w\" sizes=\"(max-width: 300px) 100vw, 300px\" \/> <img loading=\"lazy\" class=\"size-medium wp-image-1496 alignleft\" src=\"http:\/\/www.interxarxes.com\/wp-content\/uploads\/2018\/11\/charla-ados-300x199.jpg\" alt=\"\" width=\"300\" height=\"199\" srcset=\"http:\/\/www.interxarxes.com\/wp-content\/uploads\/2018\/11\/charla-ados-300x199.jpg 300w, http:\/\/www.interxarxes.com\/wp-content\/uploads\/2018\/11\/charla-ados-768x511.jpg 768w, http:\/\/www.interxarxes.com\/wp-content\/uploads\/2018\/11\/charla-ados-1024x681.jpg 1024w, http:\/\/www.interxarxes.com\/wp-content\/uploads\/2018\/11\/charla-ados-150x100.jpg 150w, http:\/\/www.interxarxes.com\/wp-content\/uploads\/2018\/11\/charla-ados-900x600.jpg 900w, http:\/\/www.interxarxes.com\/wp-content\/uploads\/2018\/11\/charla-ados-1800x1200.jpg 1800w, http:\/\/www.interxarxes.com\/wp-content\/uploads\/2018\/11\/charla-ados-736x490.jpg 736w, http:\/\/www.interxarxes.com\/wp-content\/uploads\/2018\/11\/charla-ados-1920x1280.jpg 1920w\" sizes=\"(max-width: 300px) 100vw, 300px\" \/><\/p>\n<p><img loading=\"lazy\" class=\"size-medium wp-image-1495 alignleft\" src=\"http:\/\/www.interxarxes.com\/wp-content\/uploads\/2018\/11\/ados-300x199.jpg\" alt=\"\" width=\"300\" height=\"199\" srcset=\"http:\/\/www.interxarxes.com\/wp-content\/uploads\/2018\/11\/ados-300x199.jpg 300w, http:\/\/www.interxarxes.com\/wp-content\/uploads\/2018\/11\/ados-768x511.jpg 768w, http:\/\/www.interxarxes.com\/wp-content\/uploads\/2018\/11\/ados-1024x681.jpg 1024w, http:\/\/www.interxarxes.com\/wp-content\/uploads\/2018\/11\/ados-150x100.jpg 150w, http:\/\/www.interxarxes.com\/wp-content\/uploads\/2018\/11\/ados-330x219.jpg 330w, http:\/\/www.interxarxes.com\/wp-content\/uploads\/2018\/11\/ados-900x600.jpg 900w, http:\/\/www.interxarxes.com\/wp-content\/uploads\/2018\/11\/ados-1800x1200.jpg 1800w, http:\/\/www.interxarxes.com\/wp-content\/uploads\/2018\/11\/ados-736x490.jpg 736w, http:\/\/www.interxarxes.com\/wp-content\/uploads\/2018\/11\/ados-1920x1277.jpg 1920w, http:\/\/www.interxarxes.com\/wp-content\/uploads\/2018\/11\/ados-623x414.jpg 623w, http:\/\/www.interxarxes.com\/wp-content\/uploads\/2018\/11\/ados-1280x851.jpg 1280w, http:\/\/www.interxarxes.com\/wp-content\/uploads\/2018\/11\/ados-414x275.jpg 414w\" sizes=\"(max-width: 300px) 100vw, 300px\" \/><\/p>\n<p>&nbsp;<\/p>\n<p>&nbsp;<\/p>\n<p>&nbsp;<\/p>\n<p>&nbsp;<\/p>\n<p>&nbsp;<\/p>\n<p>&nbsp;<\/p>\n<p>L&#8217;acte va ser clausurat per la segona tinent d&#8217;aclalde de l&#8217;Ajuntament de Barcelona,<strong> Laia Ortiz<\/strong>, qui va desvetllar la sorpresa que esperava als assistents al final de l&#8217;acte: l&#8217;actuaci\u00f3 en directe i en exclusiva per a aquesta ocasi\u00f3 del duo format per Marc Segarra i <strong>Claudia Serrats<\/strong>, que amb la seva guitarra i la seva bella veu, van tancar el XIII F\u00f2rum d&#8217;Interxarxes.<\/p>\n<p><img loading=\"lazy\" class=\"size-medium wp-image-1500 alignleft\" src=\"http:\/\/www.interxarxes.com\/wp-content\/uploads\/2018\/11\/musica-300x199.jpg\" alt=\"\" width=\"300\" height=\"199\" srcset=\"http:\/\/www.interxarxes.com\/wp-content\/uploads\/2018\/11\/musica-300x199.jpg 300w, http:\/\/www.interxarxes.com\/wp-content\/uploads\/2018\/11\/musica-768x511.jpg 768w, http:\/\/www.interxarxes.com\/wp-content\/uploads\/2018\/11\/musica-1024x681.jpg 1024w, http:\/\/www.interxarxes.com\/wp-content\/uploads\/2018\/11\/musica-150x100.jpg 150w, http:\/\/www.interxarxes.com\/wp-content\/uploads\/2018\/11\/musica-330x219.jpg 330w, http:\/\/www.interxarxes.com\/wp-content\/uploads\/2018\/11\/musica-900x600.jpg 900w, http:\/\/www.interxarxes.com\/wp-content\/uploads\/2018\/11\/musica-1800x1200.jpg 1800w, http:\/\/www.interxarxes.com\/wp-content\/uploads\/2018\/11\/musica-736x490.jpg 736w, http:\/\/www.interxarxes.com\/wp-content\/uploads\/2018\/11\/musica-1920x1277.jpg 1920w, http:\/\/www.interxarxes.com\/wp-content\/uploads\/2018\/11\/musica-623x414.jpg 623w, http:\/\/www.interxarxes.com\/wp-content\/uploads\/2018\/11\/musica-1280x851.jpg 1280w, http:\/\/www.interxarxes.com\/wp-content\/uploads\/2018\/11\/musica-414x275.jpg 414w\" sizes=\"(max-width: 300px) 100vw, 300px\" \/> <img loading=\"lazy\" class=\"size-medium wp-image-1499 alignleft\" src=\"http:\/\/www.interxarxes.com\/wp-content\/uploads\/2018\/11\/laia-ortiz-300x199.jpg\" alt=\"\" width=\"300\" height=\"199\" srcset=\"http:\/\/www.interxarxes.com\/wp-content\/uploads\/2018\/11\/laia-ortiz-300x199.jpg 300w, http:\/\/www.interxarxes.com\/wp-content\/uploads\/2018\/11\/laia-ortiz-768x511.jpg 768w, http:\/\/www.interxarxes.com\/wp-content\/uploads\/2018\/11\/laia-ortiz-1024x681.jpg 1024w, http:\/\/www.interxarxes.com\/wp-content\/uploads\/2018\/11\/laia-ortiz-150x100.jpg 150w, http:\/\/www.interxarxes.com\/wp-content\/uploads\/2018\/11\/laia-ortiz-330x219.jpg 330w, http:\/\/www.interxarxes.com\/wp-content\/uploads\/2018\/11\/laia-ortiz-900x600.jpg 900w, http:\/\/www.interxarxes.com\/wp-content\/uploads\/2018\/11\/laia-ortiz-1800x1200.jpg 1800w, http:\/\/www.interxarxes.com\/wp-content\/uploads\/2018\/11\/laia-ortiz-736x490.jpg 736w, http:\/\/www.interxarxes.com\/wp-content\/uploads\/2018\/11\/laia-ortiz-1920x1277.jpg 1920w, http:\/\/www.interxarxes.com\/wp-content\/uploads\/2018\/11\/laia-ortiz-623x414.jpg 623w, http:\/\/www.interxarxes.com\/wp-content\/uploads\/2018\/11\/laia-ortiz-1280x851.jpg 1280w, http:\/\/www.interxarxes.com\/wp-content\/uploads\/2018\/11\/laia-ortiz-414x275.jpg 414w\" sizes=\"(max-width: 300px) 100vw, 300px\" \/><\/p>\n","protected":false},"excerpt":{"rendered":"<p>El passat divendres 16 de novembre el programa Interxarxes va celebrar l&#8217;edici\u00f3 n\u00famero 13 del F\u00f2rum Interxarxes. Una trobada que va tenir una molt bona acollida entre els m\u00e9s de 200 assitents a l&#8217;Espai Francesca Bonnemaison i durant la qual vam intentar reflexionar sobre \u201cSortir de la inf\u00e0ncia. Invencions adolescents i xarxes\u201d. L&#8217;acte va ser [&hellip;]<\/p>\n","protected":false},"author":2,"featured_media":1497,"comment_status":"closed","ping_status":"closed","sticky":false,"template":"","format":"standard","meta":[],"categories":[12,7],"tags":[],"_links":{"self":[{"href":"http:\/\/www.interxarxes.com\/index.php\/wp-json\/wp\/v2\/posts\/1493"}],"collection":[{"href":"http:\/\/www.interxarxes.com\/index.php\/wp-json\/wp\/v2\/posts"}],"about":[{"href":"http:\/\/www.interxarxes.com\/index.php\/wp-json\/wp\/v2\/types\/post"}],"author":[{"embeddable":true,"href":"http:\/\/www.interxarxes.com\/index.php\/wp-json\/wp\/v2\/users\/2"}],"replies":[{"embeddable":true,"href":"http:\/\/www.interxarxes.com\/index.php\/wp-json\/wp\/v2\/comments?post=1493"}],"version-history":[{"count":5,"href":"http:\/\/www.interxarxes.com\/index.php\/wp-json\/wp\/v2\/posts\/1493\/revisions"}],"predecessor-version":[{"id":1513,"href":"http:\/\/www.interxarxes.com\/index.php\/wp-json\/wp\/v2\/posts\/1493\/revisions\/1513"}],"wp:featuredmedia":[{"embeddable":true,"href":"http:\/\/www.interxarxes.com\/index.php\/wp-json\/wp\/v2\/media\/1497"}],"wp:attachment":[{"href":"http:\/\/www.interxarxes.com\/index.php\/wp-json\/wp\/v2\/media?parent=1493"}],"wp:term":[{"taxonomy":"category","embeddable":true,"href":"http:\/\/www.interxarxes.com\/index.php\/wp-json\/wp\/v2\/categories?post=1493"},{"taxonomy":"post_tag","embeddable":true,"href":"http:\/\/www.interxarxes.com\/index.php\/wp-json\/wp\/v2\/tags?post=1493"}],"curies":[{"name":"wp","href":"https:\/\/api.w.org\/{rel}","templated":true}]}}