{"id":1166,"date":"2012-01-01T18:56:49","date_gmt":"2012-01-01T17:56:49","guid":{"rendered":"http:\/\/www.interxarxes.com\/?p=1166"},"modified":"2017-10-16T19:05:00","modified_gmt":"2017-10-16T18:05:00","slug":"in-memoriam-jean-loup-herbert","status":"publish","type":"post","link":"http:\/\/www.interxarxes.com\/index.php\/2012\/01\/01\/in-memoriam-jean-loup-herbert\/","title":{"rendered":"In Memoriam: Jean Loup Herbert"},"content":{"rendered":"<p><img loading=\"lazy\" class=\"size-full wp-image-1167 aligncenter\" src=\"http:\/\/www.interxarxes.com\/wp-content\/uploads\/2017\/10\/jean-loup-herbert.jpg\" alt=\"\" width=\"215\" height=\"144\" srcset=\"http:\/\/www.interxarxes.com\/wp-content\/uploads\/2017\/10\/jean-loup-herbert.jpg 215w, http:\/\/www.interxarxes.com\/wp-content\/uploads\/2017\/10\/jean-loup-herbert-150x100.jpg 150w\" sizes=\"(max-width: 215px) 100vw, 215px\" \/><\/p>\n<p>Hace unos d\u00edas recibimos la triste noticia del fallecimiento del antrop\u00f3logo <strong>Jean-Loup Herbert<\/strong>, muerte ocurrida el jueves 6 de Enero de 2005, a la edad de 60 a\u00f1os. Jean-Loup est\u00e1 ligado, desde sus inicios, al proyecto Interxarxes del que fue su primer asesor y con el que particip\u00f3 activamente en su puesta en marcha. Conferenciante en la II y III Jornada Interxarxes nos ofreci\u00f3 siempre sus comentarios, reflexiones y \u00e1nimo.<\/p>\n<p>Profesor de la Escuela de Arquitectura de Saint-\u00c9tienne y Responsable de la red de Salud de Lyon, le un\u00eda una relaci\u00f3n especial a Catalunya que visitaba con frecuencia desde hace a\u00f1os y donde, con colegas catalanes, creo entidades y asociaciones de solidaridad y cooperaci\u00f3n internacional,\u00a0 c\u00edrculos de estudio y de debate, de formaci\u00f3n y reflexi\u00f3n, hasta configurar una escuela de estudios pol\u00edticos: Escola\/Fundaci\u00f3 Randa. Sus trabajos cubr\u00edan \u00e1mbitos diversos, desde la Antropolog\u00eda a la Sociolog\u00eda, pasando por la formaci\u00f3n de trabajadores sociales y el inter\u00e9s por la cultura musulmana y sus ra\u00edces hisp\u00e1nicas y catalanas.<\/p>\n<p>M\u00e1s all\u00e1 de su sabidur\u00eda e inteligencia conservamos de \u00e9l la impresi\u00f3n de su voluntad firme y de su deseo decidido y comprometido con aquello que hac\u00eda, su esp\u00edritu cr\u00edtico con la debilidad del pensamiento y con las injusticias sociales, religiosas y \u00e9tnicas.<\/p>\n<p>Expresamos pues nuestro sentido homenaje y nuestra tristeza por esta p\u00e9rdida.<\/p>\n<p>&nbsp;<\/p>\n<p>Gracias Jean-Loup por tus ense\u00f1anzas y por tu alegr\u00eda de vivir y tus ganas de compartir<\/p>\n","protected":false},"excerpt":{"rendered":"<p>Hace unos d\u00edas recibimos la triste noticia del fallecimiento del antrop\u00f3logo Jean-Loup Herbert, muerte ocurrida el jueves 6 de Enero de 2005, a la edad de 60 a\u00f1os. Jean-Loup est\u00e1 ligado, desde sus inicios, al proyecto Interxarxes del que fue su primer asesor y con el que particip\u00f3 activamente en su puesta en marcha. Conferenciante [&hellip;]<\/p>\n","protected":false},"author":2,"featured_media":0,"comment_status":"open","ping_status":"open","sticky":false,"template":"","format":"standard","meta":[],"categories":[9],"tags":[],"_links":{"self":[{"href":"http:\/\/www.interxarxes.com\/index.php\/wp-json\/wp\/v2\/posts\/1166"}],"collection":[{"href":"http:\/\/www.interxarxes.com\/index.php\/wp-json\/wp\/v2\/posts"}],"about":[{"href":"http:\/\/www.interxarxes.com\/index.php\/wp-json\/wp\/v2\/types\/post"}],"author":[{"embeddable":true,"href":"http:\/\/www.interxarxes.com\/index.php\/wp-json\/wp\/v2\/users\/2"}],"replies":[{"embeddable":true,"href":"http:\/\/www.interxarxes.com\/index.php\/wp-json\/wp\/v2\/comments?post=1166"}],"version-history":[{"count":2,"href":"http:\/\/www.interxarxes.com\/index.php\/wp-json\/wp\/v2\/posts\/1166\/revisions"}],"predecessor-version":[{"id":1172,"href":"http:\/\/www.interxarxes.com\/index.php\/wp-json\/wp\/v2\/posts\/1166\/revisions\/1172"}],"wp:attachment":[{"href":"http:\/\/www.interxarxes.com\/index.php\/wp-json\/wp\/v2\/media?parent=1166"}],"wp:term":[{"taxonomy":"category","embeddable":true,"href":"http:\/\/www.interxarxes.com\/index.php\/wp-json\/wp\/v2\/categories?post=1166"},{"taxonomy":"post_tag","embeddable":true,"href":"http:\/\/www.interxarxes.com\/index.php\/wp-json\/wp\/v2\/tags?post=1166"}],"curies":[{"name":"wp","href":"https:\/\/api.w.org\/{rel}","templated":true}]}}