{"id":1103,"date":"2017-10-09T19:18:02","date_gmt":"2017-10-09T18:18:02","guid":{"rendered":"http:\/\/www.interxarxes.com\/?p=1103"},"modified":"2017-10-09T19:55:28","modified_gmt":"2017-10-09T18:55:28","slug":"infoxarxes-num-31-maig-2017","status":"publish","type":"post","link":"http:\/\/www.interxarxes.com\/index.php\/2017\/10\/09\/infoxarxes-num-31-maig-2017\/","title":{"rendered":"INFOXARXES N\u00daM. 31 MAIG 2017"},"content":{"rendered":"<ol>\n<li>Editorial: <strong>El segle XXI i les seves inf\u00e0ncies <\/strong><\/li>\n<li>Not\u00edcies\n<ol>\n<li>Reuni\u00f3 anual del Consell Assessor<\/li>\n<li>Plen\u00e0ria 31 de mar\u00e7 de 2017, sobre &#8220;La inf\u00e0ncia al segle XXI: realitats, malestars i demandes&#8221;\n<ol>\n<li>Tallers de &#8220;L&#8217;educaci\u00f3 avui: l&#8217;era de la modernitat l\u00edquida&#8221;, &#8220;Inf\u00e0ncia etiquetada&#8221; i &#8220;Inf\u00e0ncia desamparada&#8221;<\/li>\n<\/ol>\n<\/li>\n<li>Plen\u00e0ria 26 de maig de 2017, sobre &#8220;Pares, mares, mestres, educadors: interlocutors v\u00e0lids per a la inf\u00e0ncia?&#8221;\n<ol>\n<li>Tallers de &#8220;Les Cases d&#8217;Infants&#8221;, &#8220;El Casal Infantil Guinard\u00f3&#8221; i &#8220;Comunitats d&#8217;aprenentatge&#8221;<\/li>\n<\/ol>\n<\/li>\n<\/ol>\n<\/li>\n<li>El Treball amb pares i mares<\/li>\n<li>Altres activitats d&#8217;Interxarxes<\/li>\n<\/ol>\n<p><a href=\"http:\/\/www.interxarxes.com\/wp-content\/uploads\/2017\/10\/infoxarxes_31-.pdf\" target=\"_blank\" rel=\"noopener\"><img loading=\"lazy\" class=\"aligncenter wp-image-1104\" src=\"http:\/\/www.interxarxes.com\/wp-content\/uploads\/2017\/10\/portada-210x300.jpg\" alt=\"\" width=\"320\" height=\"457\" srcset=\"http:\/\/www.interxarxes.com\/wp-content\/uploads\/2017\/10\/portada-210x300.jpg 210w, http:\/\/www.interxarxes.com\/wp-content\/uploads\/2017\/10\/portada-182x260.jpg 182w, http:\/\/www.interxarxes.com\/wp-content\/uploads\/2017\/10\/portada-538x768.jpg 538w, http:\/\/www.interxarxes.com\/wp-content\/uploads\/2017\/10\/portada-290x414.jpg 290w, http:\/\/www.interxarxes.com\/wp-content\/uploads\/2017\/10\/portada-414x591.jpg 414w, http:\/\/www.interxarxes.com\/wp-content\/uploads\/2017\/10\/portada.jpg 630w\" sizes=\"(max-width: 320px) 100vw, 320px\" \/><\/a><\/p>\n","protected":false},"excerpt":{"rendered":"<p>Editorial: El segle XXI i les seves inf\u00e0ncies Not\u00edcies Reuni\u00f3 anual del Consell Assessor Plen\u00e0ria 31 de mar\u00e7 de 2017, sobre &#8220;La inf\u00e0ncia al segle XXI: realitats, malestars i demandes&#8221; Tallers de &#8220;L&#8217;educaci\u00f3 avui: l&#8217;era de la modernitat l\u00edquida&#8221;, &#8220;Inf\u00e0ncia etiquetada&#8221; i &#8220;Inf\u00e0ncia desamparada&#8221; Plen\u00e0ria 26 de maig de 2017, sobre &#8220;Pares, mares, mestres, educadors: [&hellip;]<\/p>\n","protected":false},"author":2,"featured_media":0,"comment_status":"open","ping_status":"open","sticky":false,"template":"","format":"standard","meta":[],"categories":[15],"tags":[],"_links":{"self":[{"href":"http:\/\/www.interxarxes.com\/index.php\/wp-json\/wp\/v2\/posts\/1103"}],"collection":[{"href":"http:\/\/www.interxarxes.com\/index.php\/wp-json\/wp\/v2\/posts"}],"about":[{"href":"http:\/\/www.interxarxes.com\/index.php\/wp-json\/wp\/v2\/types\/post"}],"author":[{"embeddable":true,"href":"http:\/\/www.interxarxes.com\/index.php\/wp-json\/wp\/v2\/users\/2"}],"replies":[{"embeddable":true,"href":"http:\/\/www.interxarxes.com\/index.php\/wp-json\/wp\/v2\/comments?post=1103"}],"version-history":[{"count":1,"href":"http:\/\/www.interxarxes.com\/index.php\/wp-json\/wp\/v2\/posts\/1103\/revisions"}],"predecessor-version":[{"id":1106,"href":"http:\/\/www.interxarxes.com\/index.php\/wp-json\/wp\/v2\/posts\/1103\/revisions\/1106"}],"wp:attachment":[{"href":"http:\/\/www.interxarxes.com\/index.php\/wp-json\/wp\/v2\/media?parent=1103"}],"wp:term":[{"taxonomy":"category","embeddable":true,"href":"http:\/\/www.interxarxes.com\/index.php\/wp-json\/wp\/v2\/categories?post=1103"},{"taxonomy":"post_tag","embeddable":true,"href":"http:\/\/www.interxarxes.com\/index.php\/wp-json\/wp\/v2\/tags?post=1103"}],"curies":[{"name":"wp","href":"https:\/\/api.w.org\/{rel}","templated":true}]}}